{"id":10584,"date":"2024-08-28T15:00:21","date_gmt":"2024-08-28T15:00:21","guid":{"rendered":"https:\/\/www.klaus-heidegger.at\/?p=10584"},"modified":"2024-08-29T12:58:37","modified_gmt":"2024-08-29T12:58:37","slug":"weissgelb-und-regenbogenfarben-am-wolfgangsee","status":"publish","type":"post","link":"http:\/\/www.klaus-heidegger.at\/?p=10584","title":{"rendered":"Wei\u00dfgelb und regenbogenfarben am Wolfgangsee"},"content":{"rendered":"\n<figure class=\"wp-block-image size-large\"><a href=\"http:\/\/www.klaus-heidegger.at\/wp-content\/uploads\/2024\/08\/salz-regenbogen-scaled.jpg\"><img loading=\"lazy\" width=\"768\" height=\"1024\" src=\"http:\/\/www.klaus-heidegger.at\/wp-content\/uploads\/2024\/08\/salz-regenbogen-768x1024.jpg\" alt=\"\" class=\"wp-image-10585\" srcset=\"http:\/\/www.klaus-heidegger.at\/wp-content\/uploads\/2024\/08\/salz-regenbogen-768x1024.jpg 768w, http:\/\/www.klaus-heidegger.at\/wp-content\/uploads\/2024\/08\/salz-regenbogen-225x300.jpg 225w, http:\/\/www.klaus-heidegger.at\/wp-content\/uploads\/2024\/08\/salz-regenbogen-1152x1536.jpg 1152w, http:\/\/www.klaus-heidegger.at\/wp-content\/uploads\/2024\/08\/salz-regenbogen-1536x2048.jpg 1536w, http:\/\/www.klaus-heidegger.at\/wp-content\/uploads\/2024\/08\/salz-regenbogen-scaled.jpg 1920w\" sizes=\"(max-width: 768px) 100vw, 768px\" \/><\/a><\/figure>\n\n\n\n<p>Ganz selbstverst\u00e4ndlich flattert die Regenbogenfahne \u2013 Symbol der LGTBIQ+-Bewegung \u2013 neben der gelb-wei\u00dfen Fahne des Vatikans und der rotwei\u00dfen Fahne des Landes Salzburg mit dem Wappen von St. Gilgen darin. Am kleinen Vorplatz zur Kirche des Hl. \u00c4gidius, unweit vom Ufer des Wolfgangsees, wird so ein wundersch\u00f6nes Zeichen un\u00fcbersehbar sichtbar f\u00fcr eine Kirche, die jene Sichtweisen hinter sich l\u00e4sst, mit denen in fr\u00fcheren Jahrhunderten die Vielfalt sexueller Orientierungen missachtet wurde. Dankbar bin ich f\u00fcr eine Kirche, die anders geworden ist, die nicht mehr verurteilt, sondern Vielfalt bejaht, weil in dieser Buntheit G\u00f6ttliches sichtbar werden kann.<\/p>\n\n\n\n<p>Sehe ich die vertikal h\u00e4ngende Fahne mit dem Regenbogenmuster von der anderen Seite, wird sie als Bandiera della Pace zur Friedensfahne und damit zum Symbol der Sehnsucht nach Frieden. Wieder bin ich dankbar, sie in Verbindung mit dem katholischen Gelb-wei\u00df zu sehen, dankbar f\u00fcr Papst Franziskus, der von Beginn des Aggressionskrieges Russlands auf die Ukraine f\u00fcr eine Verhandlungsl\u00f6sung eingetreten ist, der vom Krieg als \u201eNiederlage des Menschlichen\u201c spricht, der stets so deutliche Worte gegen das Kriegsgeschrei findet.<\/p>\n\n\n\n<p>klaus.heidegger, 28.8.2024<\/p>\n","protected":false},"excerpt":{"rendered":"<p><img src='http:\/\/www.klaus-heidegger.at\/wp-content\/uploads\/2024\/08\/salz-regenbogen-768x1024.jpg' class='thumbnail' \/>Ganz selbstverst\u00e4ndlich flattert die Regenbogenfahne \u2013 Symbol der LGTBIQ+-Bewegung \u2013 neben der gelb-wei\u00dfen Fahne des Vatikans und der rotwei\u00dfen Fahne des Landes Salzburg mit dem Wappen von St. Gilgen darin. Am kleinen Vorplatz zur Kirche des Hl. \u00c4gidius, unweit vom Ufer des Wolfgangsees, wird so ein wundersch\u00f6nes Zeichen un\u00fcbersehbar sichtbar f\u00fcr eine Kirche, die jene&#8230;<\/p>\n","protected":false},"author":1,"featured_media":10585,"comment_status":"open","ping_status":"open","sticky":false,"template":"","format":"standard","meta":[],"categories":[1917,1800,183],"tags":[1967,1968,1966,1969,1965],"_links":{"self":[{"href":"http:\/\/www.klaus-heidegger.at\/index.php?rest_route=\/wp\/v2\/posts\/10584"}],"collection":[{"href":"http:\/\/www.klaus-heidegger.at\/index.php?rest_route=\/wp\/v2\/posts"}],"about":[{"href":"http:\/\/www.klaus-heidegger.at\/index.php?rest_route=\/wp\/v2\/types\/post"}],"author":[{"embeddable":true,"href":"http:\/\/www.klaus-heidegger.at\/index.php?rest_route=\/wp\/v2\/users\/1"}],"replies":[{"embeddable":true,"href":"http:\/\/www.klaus-heidegger.at\/index.php?rest_route=%2Fwp%2Fv2%2Fcomments&post=10584"}],"version-history":[{"count":2,"href":"http:\/\/www.klaus-heidegger.at\/index.php?rest_route=\/wp\/v2\/posts\/10584\/revisions"}],"predecessor-version":[{"id":10587,"href":"http:\/\/www.klaus-heidegger.at\/index.php?rest_route=\/wp\/v2\/posts\/10584\/revisions\/10587"}],"wp:featuredmedia":[{"embeddable":true,"href":"http:\/\/www.klaus-heidegger.at\/index.php?rest_route=\/wp\/v2\/media\/10585"}],"wp:attachment":[{"href":"http:\/\/www.klaus-heidegger.at\/index.php?rest_route=%2Fwp%2Fv2%2Fmedia&parent=10584"}],"wp:term":[{"taxonomy":"category","embeddable":true,"href":"http:\/\/www.klaus-heidegger.at\/index.php?rest_route=%2Fwp%2Fv2%2Fcategories&post=10584"},{"taxonomy":"post_tag","embeddable":true,"href":"http:\/\/www.klaus-heidegger.at\/index.php?rest_route=%2Fwp%2Fv2%2Ftags&post=10584"}],"curies":[{"name":"wp","href":"https:\/\/api.w.org\/{rel}","templated":true}]}}