{"id":10866,"date":"2024-11-21T06:24:16","date_gmt":"2024-11-21T06:24:16","guid":{"rendered":"https:\/\/www.klaus-heidegger.at\/?p=10866"},"modified":"2024-11-21T06:24:16","modified_gmt":"2024-11-21T06:24:16","slug":"bruecken-bauen-nicht-graeben-graben","status":"publish","type":"post","link":"http:\/\/www.klaus-heidegger.at\/?p=10866","title":{"rendered":"Br\u00fccken bauen, nicht Gr\u00e4ben graben"},"content":{"rendered":"\n<figure class=\"wp-block-image size-large\"><a href=\"http:\/\/www.klaus-heidegger.at\/wp-content\/uploads\/2024\/11\/Bruecke-3-scaled.jpg\"><img loading=\"lazy\" width=\"768\" height=\"1024\" src=\"http:\/\/www.klaus-heidegger.at\/wp-content\/uploads\/2024\/11\/Bruecke-3-768x1024.jpg\" alt=\"\" class=\"wp-image-10867\" srcset=\"http:\/\/www.klaus-heidegger.at\/wp-content\/uploads\/2024\/11\/Bruecke-3-768x1024.jpg 768w, http:\/\/www.klaus-heidegger.at\/wp-content\/uploads\/2024\/11\/Bruecke-3-225x300.jpg 225w, http:\/\/www.klaus-heidegger.at\/wp-content\/uploads\/2024\/11\/Bruecke-3-1152x1536.jpg 1152w, http:\/\/www.klaus-heidegger.at\/wp-content\/uploads\/2024\/11\/Bruecke-3-1536x2048.jpg 1536w, http:\/\/www.klaus-heidegger.at\/wp-content\/uploads\/2024\/11\/Bruecke-3-scaled.jpg 1920w\" sizes=\"(max-width: 768px) 100vw, 768px\" \/><\/a><\/figure>\n\n\n\n<p>wer griesgr\u00e4mig Gr\u00e4ben gr\u00e4bt<br>gr\u00e4bt Gr\u00e4ber<br>vergr\u00e4bt Chancen<br>schafft Grenzen<br>bleibt in sich verbittert vergraben<\/p>\n\n\n\n<p>wer beharrlich Br\u00fccken baut<br>blickt hin\u00fcber ans andere Ufer<br>wagt Schritte der Vers\u00f6hnung<br>\u00f6ffnet sich mutig f\u00fcr Neues<br>verbindet Himmel mit Erde<\/p>\n\n\n\n<p>klaus.heidegger, 21.11.2024 <br>(Am Radweg zwischen Landeck und Prutz, dem Inn entlang)<\/p>\n","protected":false},"excerpt":{"rendered":"<p><img src='http:\/\/www.klaus-heidegger.at\/wp-content\/uploads\/2024\/11\/Bruecke-3-768x1024.jpg' class='thumbnail' \/>wer griesgr\u00e4mig Gr\u00e4ben gr\u00e4btgr\u00e4bt Gr\u00e4bervergr\u00e4bt Chancenschafft Grenzenbleibt in sich verbittert vergraben wer beharrlich Br\u00fccken bautblickt hin\u00fcber ans andere Uferwagt Schritte der Vers\u00f6hnung\u00f6ffnet sich mutig f\u00fcr Neuesverbindet Himmel mit Erde klaus.heidegger, 21.11.2024 (Am Radweg zwischen Landeck und Prutz, dem Inn entlang)<\/p>\n","protected":false},"author":1,"featured_media":10867,"comment_status":"open","ping_status":"open","sticky":false,"template":"","format":"standard","meta":[],"categories":[492],"tags":[995,2048,2050,2049],"_links":{"self":[{"href":"http:\/\/www.klaus-heidegger.at\/index.php?rest_route=\/wp\/v2\/posts\/10866"}],"collection":[{"href":"http:\/\/www.klaus-heidegger.at\/index.php?rest_route=\/wp\/v2\/posts"}],"about":[{"href":"http:\/\/www.klaus-heidegger.at\/index.php?rest_route=\/wp\/v2\/types\/post"}],"author":[{"embeddable":true,"href":"http:\/\/www.klaus-heidegger.at\/index.php?rest_route=\/wp\/v2\/users\/1"}],"replies":[{"embeddable":true,"href":"http:\/\/www.klaus-heidegger.at\/index.php?rest_route=%2Fwp%2Fv2%2Fcomments&post=10866"}],"version-history":[{"count":1,"href":"http:\/\/www.klaus-heidegger.at\/index.php?rest_route=\/wp\/v2\/posts\/10866\/revisions"}],"predecessor-version":[{"id":10868,"href":"http:\/\/www.klaus-heidegger.at\/index.php?rest_route=\/wp\/v2\/posts\/10866\/revisions\/10868"}],"wp:featuredmedia":[{"embeddable":true,"href":"http:\/\/www.klaus-heidegger.at\/index.php?rest_route=\/wp\/v2\/media\/10867"}],"wp:attachment":[{"href":"http:\/\/www.klaus-heidegger.at\/index.php?rest_route=%2Fwp%2Fv2%2Fmedia&parent=10866"}],"wp:term":[{"taxonomy":"category","embeddable":true,"href":"http:\/\/www.klaus-heidegger.at\/index.php?rest_route=%2Fwp%2Fv2%2Fcategories&post=10866"},{"taxonomy":"post_tag","embeddable":true,"href":"http:\/\/www.klaus-heidegger.at\/index.php?rest_route=%2Fwp%2Fv2%2Ftags&post=10866"}],"curies":[{"name":"wp","href":"https:\/\/api.w.org\/{rel}","templated":true}]}}