{"id":10894,"date":"2024-11-26T16:48:06","date_gmt":"2024-11-26T16:48:06","guid":{"rendered":"https:\/\/www.klaus-heidegger.at\/?p=10894"},"modified":"2024-11-26T16:48:06","modified_gmt":"2024-11-26T16:48:06","slug":"anti-kolonialistische-weltsichten-im-weltmuseum-der-hofburg-in-wien","status":"publish","type":"post","link":"http:\/\/www.klaus-heidegger.at\/?p=10894","title":{"rendered":"Anti-kolonialistische Weltsichten im Weltmuseum der Hofburg in Wien"},"content":{"rendered":"\n<figure class=\"wp-block-image size-large\"><a href=\"http:\/\/www.klaus-heidegger.at\/wp-content\/uploads\/2024\/11\/wien-ring-scaled.jpg\"><img loading=\"lazy\" width=\"768\" height=\"1024\" src=\"http:\/\/www.klaus-heidegger.at\/wp-content\/uploads\/2024\/11\/wien-ring-768x1024.jpg\" alt=\"\" class=\"wp-image-10895\" srcset=\"http:\/\/www.klaus-heidegger.at\/wp-content\/uploads\/2024\/11\/wien-ring-768x1024.jpg 768w, http:\/\/www.klaus-heidegger.at\/wp-content\/uploads\/2024\/11\/wien-ring-225x300.jpg 225w, http:\/\/www.klaus-heidegger.at\/wp-content\/uploads\/2024\/11\/wien-ring-1152x1536.jpg 1152w, http:\/\/www.klaus-heidegger.at\/wp-content\/uploads\/2024\/11\/wien-ring-1536x2048.jpg 1536w, http:\/\/www.klaus-heidegger.at\/wp-content\/uploads\/2024\/11\/wien-ring-scaled.jpg 1920w\" sizes=\"(max-width: 768px) 100vw, 768px\" \/><\/a><\/figure>\n\n\n\n<p>Die Touristenscharen rund um Heldenplatz und Hofburg zieht es an diesem letzten Novemberwochenende mehr in das Sisi-Museum als in das Weltmuseum. Letzteres kann politisch interessierte Menschen ermutigen, \u00fcber die Klischees hinauszublicken und tiefere Zusammenh\u00e4nge im Weltgeschehen zu verstehen. Wer durch die Schaur\u00e4ume des ethnographischen Museums geht, wird zum Nachdenken herausgefordert, ein Nachdenken \u00fcber sich selbst und die umgebende Welt, \u00fcber das politische Geschehen, in das wir alle miteinander vernetzt sind, \u00fcber die Rolle der Religionen und politischer Bewegungen. So streife auch ich an diesem Sonntagvormittag durch die 14 Schaur\u00e4ume, die alle einem bestimmten Thema gewidmet sind.<\/p>\n\n\n\n<p>Ein Raum zeigt ein Dorf in den Bergen und man erkennt, vermittelt auch durch ein kurzes Video von Hans Haid aus dem \u00d6tztal, wie das Dorfleben in einem buddhistisch-nepalesischen Bergdorf im Himalaya analoge Beziehungsstrukturen auch f\u00fcr \u00f6sterreichisches Bergleben aufzeigt. Der Fokus der dargestellten Objekte wird auf die Zusammenh\u00e4nge zwischen religi\u00f6sen Vorstellungen und profanem Tun gelegt.<\/p>\n\n\n\n<p>Ein anderer Raum dokumentiert mit wissenschaftlichem Anspruch, wie sich in Wien die Missionare des Steyler-Ordens, allen voran Pater Wilhelm Schmidt, zu Beginn des 20. Jahrhunderts bem\u00fchten, aus der Begegnung mit den V\u00f6lkern der L\u00e4nder des S\u00fcdens eine \u201eV\u00f6lkerkunde\u201c aufzubauen. In einer Vitrine stehen die vielen B\u00e4nde von Schmidt, seine \u201eUniversalgeschichte der Menschheit\u201c.<\/p>\n\n\n\n<p>In einigen R\u00e4umen sind Kunstsch\u00e4tze aus afrikanischen, lateinamerikanischen, ozeanischen oder asiatischen L\u00e4ndern zu finden. Sie werden durchaus mit einem kritischen Blick auf die Kolonialgeschichte ausgestellt. Die imperialen Machtanspr\u00fcche der Habsburger manifestierten sich in Sammelleidenschaften exotischer Kunstgegenst\u00e4nde. Franz Ferdinand soll selbst von sich gesagt haben: \u201eIch leide an Museomanie\u201c. Mit kolonialkritischem Blick nehme ich so die Raubg\u00fcter wahr, die heute aber auch erz\u00e4hlen k\u00f6nnen von der Sch\u00f6nheit anderer Kulturen und die zugleich f\u00fcr die Wissenschaft \u00fcber die V\u00f6lker von enormem Wert sind.<\/p>\n\n\n\n<p>Bei manchen explizit religi\u00f6sen Objekten verweile ich l\u00e4nger. Aus Lateinamerika beispielsweise stammt sowohl eine bekannte Darstellung der Heiligen Maria mit Jesuskind, zugleich wird ihr eine Figur der afrikanischen Orixas gegen\u00fcbergestellt, die von den Sklaven auch als Widerstandsgeste verehrt wurden. In meinen religionswissenschaftlichen Besch\u00e4ftigungen lernte ich die Bedeutung von Inkulturation zu sch\u00e4tzen, wo nicht das Gegeneinander der Religionen z\u00e4hlt, sondern ein Erkennen des gro\u00dfen Gemeinsamen, das zugleich die je spezifischen religi\u00f6sen Artikulationen st\u00e4rkt und leben l\u00e4sst.<\/p>\n\n\n\n<p>Ein Schauraum zum Themenbereich \u201eMigration\u201c b\u00f6te sich an, um all die Menschen zum Nachdenken zu bewegen, die an diesem Tag wieder eine Partei und Politiker w\u00e4hlen \u2013 in der Steiermark wie in Rum\u00e4nen, die Remigration verbunden mit nationalistischem Get\u00f6se verk\u00fcnden. Auf einer Tafel im Schauraum ist zu lesen: \u201eWir leben in einer Welt in Bewegung. Migration ist heute ein nat\u00fcrlicher und ein guter Prozess. Man sollte sie als etwas verstehen, das die Welt bereichert, und nicht unbedingt als Bedrohung sehen.\u201c Neben der Tafel ist das Kunstwerk \u201eLifesaver\u201c. In einer Vitrine ist ein vergoldeter Rettungsring aus Beton. Damit greift die K\u00fcnstlerin gleich mehrere Bez\u00fcge auf: Heute sind es die Fl\u00fcchtlinge, die im Mittelmeer ertrinken. In den 1930er-Jahren wurde von italienischen Faschisten die Ausbeutung \u00c4thiopiens finanziert.<\/p>\n\n\n\n<p>Ich sitze wenig sp\u00e4ter nach dem Besuch des Weltmuseums in der U-Bahn und nehme dankbar wahr, wie kulturell vielf\u00e4ltig dieses Wien geworden ist. Es ist ein Gemurmel von Wiener Dialekt vermischt mit osteurop\u00e4ischen Sprachen, mit Arabisch oder T\u00fcrkisch \u2013 und ich lege meinen Tiroler Dialekt dazu. Sch\u00f6n, dass diese Welt so bunt ist. In den Nachrichten ist allerdings vom \u201eErdrutschsieg der FP\u00d6\u201c zu h\u00f6ren und ein Rechtsextremist gewinnt in Rum\u00e4nien die Parlamentswahlen. Die wissenschaftlich fundierte Ausstellung im Weltmuseum mit ihren rassismuskritischen Anspr\u00fcchen ist wie eine Parallelwelt der Minderheiten.<\/p>\n","protected":false},"excerpt":{"rendered":"<p><img src='http:\/\/www.klaus-heidegger.at\/wp-content\/uploads\/2024\/11\/wien-ring-768x1024.jpg' class='thumbnail' \/>Die Touristenscharen rund um Heldenplatz und Hofburg zieht es an diesem letzten Novemberwochenende mehr in das Sisi-Museum als in das Weltmuseum. Letzteres kann politisch interessierte Menschen ermutigen, \u00fcber die Klischees hinauszublicken und tiefere Zusammenh\u00e4nge im Weltgeschehen zu verstehen. Wer durch die Schaur\u00e4ume des ethnographischen Museums geht, wird zum Nachdenken herausgefordert, ein Nachdenken \u00fcber sich selbst&#8230;<\/p>\n","protected":false},"author":1,"featured_media":10895,"comment_status":"open","ping_status":"open","sticky":false,"template":"","format":"standard","meta":[],"categories":[1],"tags":[2056,221,360,2057,2055],"_links":{"self":[{"href":"http:\/\/www.klaus-heidegger.at\/index.php?rest_route=\/wp\/v2\/posts\/10894"}],"collection":[{"href":"http:\/\/www.klaus-heidegger.at\/index.php?rest_route=\/wp\/v2\/posts"}],"about":[{"href":"http:\/\/www.klaus-heidegger.at\/index.php?rest_route=\/wp\/v2\/types\/post"}],"author":[{"embeddable":true,"href":"http:\/\/www.klaus-heidegger.at\/index.php?rest_route=\/wp\/v2\/users\/1"}],"replies":[{"embeddable":true,"href":"http:\/\/www.klaus-heidegger.at\/index.php?rest_route=%2Fwp%2Fv2%2Fcomments&post=10894"}],"version-history":[{"count":1,"href":"http:\/\/www.klaus-heidegger.at\/index.php?rest_route=\/wp\/v2\/posts\/10894\/revisions"}],"predecessor-version":[{"id":10896,"href":"http:\/\/www.klaus-heidegger.at\/index.php?rest_route=\/wp\/v2\/posts\/10894\/revisions\/10896"}],"wp:featuredmedia":[{"embeddable":true,"href":"http:\/\/www.klaus-heidegger.at\/index.php?rest_route=\/wp\/v2\/media\/10895"}],"wp:attachment":[{"href":"http:\/\/www.klaus-heidegger.at\/index.php?rest_route=%2Fwp%2Fv2%2Fmedia&parent=10894"}],"wp:term":[{"taxonomy":"category","embeddable":true,"href":"http:\/\/www.klaus-heidegger.at\/index.php?rest_route=%2Fwp%2Fv2%2Fcategories&post=10894"},{"taxonomy":"post_tag","embeddable":true,"href":"http:\/\/www.klaus-heidegger.at\/index.php?rest_route=%2Fwp%2Fv2%2Ftags&post=10894"}],"curies":[{"name":"wp","href":"https:\/\/api.w.org\/{rel}","templated":true}]}}