{"id":11041,"date":"2025-02-19T16:46:28","date_gmt":"2025-02-19T16:46:28","guid":{"rendered":"https:\/\/www.klaus-heidegger.at\/?p=11041"},"modified":"2025-02-19T17:11:55","modified_gmt":"2025-02-19T17:11:55","slug":"naviser-kreuzjoechl","status":"publish","type":"post","link":"http:\/\/www.klaus-heidegger.at\/?p=11041","title":{"rendered":"Naviser Kreuzj\u00f6chl: Almen, ein Kamm zum Gipfel und steile Pulverh\u00e4nge in der Abfahrt"},"content":{"rendered":"\n<figure class=\"wp-block-image size-large\"><a href=\"http:\/\/www.klaus-heidegger.at\/wp-content\/uploads\/2025\/02\/Navis-3-scaled.jpg\"><img loading=\"lazy\" width=\"768\" height=\"1024\" src=\"http:\/\/www.klaus-heidegger.at\/wp-content\/uploads\/2025\/02\/Navis-3-768x1024.jpg\" alt=\"\" class=\"wp-image-11042\" srcset=\"http:\/\/www.klaus-heidegger.at\/wp-content\/uploads\/2025\/02\/Navis-3-768x1024.jpg 768w, http:\/\/www.klaus-heidegger.at\/wp-content\/uploads\/2025\/02\/Navis-3-225x300.jpg 225w, http:\/\/www.klaus-heidegger.at\/wp-content\/uploads\/2025\/02\/Navis-3-1152x1536.jpg 1152w, http:\/\/www.klaus-heidegger.at\/wp-content\/uploads\/2025\/02\/Navis-3-1536x2048.jpg 1536w, http:\/\/www.klaus-heidegger.at\/wp-content\/uploads\/2025\/02\/Navis-3-scaled.jpg 1920w\" sizes=\"(max-width: 768px) 100vw, 768px\" \/><\/a><\/figure>\n\n\n\n<p>Eigentlich kenne ich den beliebten Skitourengipfel im hinteren Navistal schon recht gut. In der letzten Saison war ich gleich drei Mal am Naviser Kreuzj\u00f6chl (2536 m) Auch dieser Berg erm\u00f6glicht aber stets neue Erfahrungen, die mit den \u00e4u\u00dferen Faktoren zu tun haben \u2013 dem Schnee, dem Wind und Wetter \u2013 und vor allem mit den Menschen, mit denen man unterwegs ist, sowie mit den vielen Gedanken und Gef\u00fchlen, die stets begleitend beim Steigen im Geist und im Herzen sind. Wieder versuche ich mich etwas zu l\u00f6sen von den beunruhigenden Gedanken an die disruptiven Entwicklungen in der Welt und wei\u00df schon die Worte f\u00fcr meine n\u00e4chsten politischen Artikel.<\/p>\n\n\n\n<p>Blickt man an diesem Mittfebruartag vom Ausgangspunkt in Navis zu den braunen S\u00fcdh\u00e4ngen Richtung Peearalm und Sonnenspitze, dann glaubt man kaum mehr im Winter zu sein. Der Aufstieg zur Naviser H\u00fctte ist aber nordseitig auf der Schattenseite und selbst im Wald liegt \u2013 bis auf eine kurze Stelle \u2013 noch gen\u00fcgend Schnee f\u00fcr Aufstieg und Abfahrt. Wir sind an diesem Tag eine gro\u00dfe Gruppe und lassen uns Zeit. Am Grat sind zwei Schneeh\u00fchner, die sich von uns zum Gl\u00fcck nicht st\u00f6ren lassen. Die Spur bis zum Gipfel ist griffig. Die Lawinenverh\u00e4ltnisse sind sicher genug, um die zum Teil sehr steilen Nordosth\u00e4nge hinunter ins Kammtal zu w\u00e4hlen. Hier liegt tats\u00e4chlich noch feiner Pulverschnee. Erst nach der Querung hin\u00fcber zur Naviser H\u00fctte, wo sich der Kreis wieder schlie\u00dft, wird es leicht bruchharschig und zur\u00fcck zum Ausgangspunkt w\u00e4hle ich die zerfahrene Waldvariante, w\u00e4hrend die anderen die Rodelpiste hinunter sausen.<\/p>\n","protected":false},"excerpt":{"rendered":"<p><img src='http:\/\/www.klaus-heidegger.at\/wp-content\/uploads\/2025\/02\/Navis-3-768x1024.jpg' class='thumbnail' \/>Eigentlich kenne ich den beliebten Skitourengipfel im hinteren Navistal schon recht gut. In der letzten Saison war ich gleich drei Mal am Naviser Kreuzj\u00f6chl (2536 m) Auch dieser Berg erm\u00f6glicht aber stets neue Erfahrungen, die mit den \u00e4u\u00dferen Faktoren zu tun haben \u2013 dem Schnee, dem Wind und Wetter \u2013 und vor allem mit den&#8230;<\/p>\n","protected":false},"author":1,"featured_media":11042,"comment_status":"open","ping_status":"open","sticky":false,"template":"","format":"standard","meta":[],"categories":[1],"tags":[],"_links":{"self":[{"href":"http:\/\/www.klaus-heidegger.at\/index.php?rest_route=\/wp\/v2\/posts\/11041"}],"collection":[{"href":"http:\/\/www.klaus-heidegger.at\/index.php?rest_route=\/wp\/v2\/posts"}],"about":[{"href":"http:\/\/www.klaus-heidegger.at\/index.php?rest_route=\/wp\/v2\/types\/post"}],"author":[{"embeddable":true,"href":"http:\/\/www.klaus-heidegger.at\/index.php?rest_route=\/wp\/v2\/users\/1"}],"replies":[{"embeddable":true,"href":"http:\/\/www.klaus-heidegger.at\/index.php?rest_route=%2Fwp%2Fv2%2Fcomments&post=11041"}],"version-history":[{"count":3,"href":"http:\/\/www.klaus-heidegger.at\/index.php?rest_route=\/wp\/v2\/posts\/11041\/revisions"}],"predecessor-version":[{"id":11046,"href":"http:\/\/www.klaus-heidegger.at\/index.php?rest_route=\/wp\/v2\/posts\/11041\/revisions\/11046"}],"wp:featuredmedia":[{"embeddable":true,"href":"http:\/\/www.klaus-heidegger.at\/index.php?rest_route=\/wp\/v2\/media\/11042"}],"wp:attachment":[{"href":"http:\/\/www.klaus-heidegger.at\/index.php?rest_route=%2Fwp%2Fv2%2Fmedia&parent=11041"}],"wp:term":[{"taxonomy":"category","embeddable":true,"href":"http:\/\/www.klaus-heidegger.at\/index.php?rest_route=%2Fwp%2Fv2%2Fcategories&post=11041"},{"taxonomy":"post_tag","embeddable":true,"href":"http:\/\/www.klaus-heidegger.at\/index.php?rest_route=%2Fwp%2Fv2%2Ftags&post=11041"}],"curies":[{"name":"wp","href":"https:\/\/api.w.org\/{rel}","templated":true}]}}