{"id":11327,"date":"2025-07-04T08:17:50","date_gmt":"2025-07-04T08:17:50","guid":{"rendered":"https:\/\/www.klaus-heidegger.at\/?p=11327"},"modified":"2025-07-06T11:45:03","modified_gmt":"2025-07-06T11:45:03","slug":"gipfelhoch-ueber-dem-achensee-seekarspitze-und-seebergspitze","status":"publish","type":"post","link":"http:\/\/www.klaus-heidegger.at\/?p=11327","title":{"rendered":"Gipfelhoch \u00fcber dem Achensee: Seekarspitze und Seebergspitze"},"content":{"rendered":"\n<figure class=\"wp-block-image size-large\"><a href=\"http:\/\/www.klaus-heidegger.at\/wp-content\/uploads\/2025\/07\/20250630_130318-scaled.jpg\"><img loading=\"lazy\" width=\"768\" height=\"1024\" src=\"http:\/\/www.klaus-heidegger.at\/wp-content\/uploads\/2025\/07\/20250630_130318-768x1024.jpg\" alt=\"\" class=\"wp-image-11328\" srcset=\"http:\/\/www.klaus-heidegger.at\/wp-content\/uploads\/2025\/07\/20250630_130318-768x1024.jpg 768w, http:\/\/www.klaus-heidegger.at\/wp-content\/uploads\/2025\/07\/20250630_130318-225x300.jpg 225w, http:\/\/www.klaus-heidegger.at\/wp-content\/uploads\/2025\/07\/20250630_130318-1152x1536.jpg 1152w, http:\/\/www.klaus-heidegger.at\/wp-content\/uploads\/2025\/07\/20250630_130318-1536x2048.jpg 1536w, http:\/\/www.klaus-heidegger.at\/wp-content\/uploads\/2025\/07\/20250630_130318-scaled.jpg 1920w\" sizes=\"(max-width: 768px) 100vw, 768px\" \/><\/a><\/figure>\n\n\n\n<p>So hei\u00df wie in den Tagen zuvor wird auch dieser letzte Junitag des Jahres 2025 werden. Ich lebe auf einem aufgeheizten Planeten und wieder zeigt mir der Blick auf die Stra\u00dfen und den Himmel, warum es so ist und wer es ist, der diesen Planeten aufheizt, und wer es ist, der ebendies mit einer Fehlpolitik befeuert. Ich bin privilegiert. Ich habe die Berge und ihre k\u00fchlen W\u00e4lder und Seen um mich.<\/p>\n\n\n\n<p>Auf H\u00f6he des Achensees ist die Temperatur selbst an solchen Hitzetagen ertr\u00e4glich.&nbsp; Den Steig von Achenkirch weg hinauf zur Seekaralm, anfangs durch einen schattenspendenden Mischwald, dann weiter den Steigmarkierungen folgend bis zur Seekarspitze (2053 m). Erst vergangenen Herbst bin ich auch hier gewesen. Selbst beim zehnten Mal w\u00e4re mir diese Panoramaroute nicht langweilig. Der Blick auf den Achensee, der zwischen den Abh\u00e4ngen des Rofangebirges im Osten und den Ausl\u00e4ufern des Karwendels im Westen liegt, gleicht einem Blick von Norwegen in einen Fjord hinein. Tiefdunkelgr\u00fcn ist das Wasser im See, der immer besser sichtbar wird, je h\u00f6her wir hinaufsteigen. Die Bergr\u00fccken im Osten erscheinen an diesem Tag durch die leichten Dunstschleier wie eine Theaterkulisse. Unten in den Orten am Achensee sind die vielen Menschen, die die Touristiker jubeln lassen. Auf den beiden Gipfeln, die mit einem langen schmalen Pfad verbunden sind, der einmal direkt auf der Gratschneide, dann wiederum etwas links oder rechts unterhalb f\u00fchrt, aber nie schwierig zu begehen ist, sind wir fast allein. Etwas mehr anpacken und vorsichtig steigen hei\u00dft es dann beim Gipfelaufbau zur Seebergspitze (2085). Zurecht ist der Steig daher auch als \u201eschwarz\u201c (T3) ausgewiesen. Wir w\u00e4hlen diesmal den Abstieg nach Pertisau hinunter. Es ist wahrlich ein Panoramasteig durch den steilen Bergmischwald und mit st\u00e4ndigem Blick auf den See, der sich dann weniger k\u00fchl anf\u00fchlt, als in den Jahren zuvor.<\/p>\n\n\n\n<p>Zur\u00fcck in Innsbruck. Die Stadt gl\u00fcht vor Hitze. Ein Thermometer zeigt 36 Grad. Knallrot sind die Wetterkarten, die ich in den Online-Nachrichten sehe. Weit \u00fcber 40 Grad in s\u00fcdlichen Gegenden Europas. Mittelmeerk\u00fcsten, die jetzt schon um zwei Grad \u00fcber dem Durchschnitt liegen. Heftige Gewitterwolken entladen sich im hinteren Stubai- und Gschnitztal und bringen Muren und \u00dcberschwemmungen mit sich, die zerst\u00f6ren, was Menschen aufgebaut haben. Die Verursacher werden nicht zur Kasse gebeten werden. Einige davon werden in die Luxuskarossen steigen, die zwischen dem Ufer des Achensees und den Hotels standen. Der Mainstream war an diesem Wochenende bei der Formel 1 in Spielberg mit einer Drittelmillion Fans gegenw\u00e4rtig, w\u00e4hrend die B\u00e4che im Gschnitz- und Stubaital die vernichtenden Muren mit sich brachten. Ja, es gibt diesen Zusammenhang! Der heimische Klimaschutzminister und mit ihm die Regierung schaffen es nicht, das vorliegende Klimagesetz zu beschlie\u00dfen. Da m\u00f6chte ich den Umweltminister Totschnig einladen, ins hintere Gschnitztal zu kommen und dies den Betroffenen zu erkl\u00e4ren oder mit mir eine hochalpine Bergtour auf einen der schmelzenden Gletscher zu machen.<\/p>\n\n\n\n<figure class=\"wp-block-image size-large\"><a href=\"https:\/\/www.klaus-heidegger.at\/wp-content\/uploads\/2025\/07\/achen-1-scaled.jpg\"><img loading=\"lazy\" width=\"768\" height=\"1024\" src=\"https:\/\/www.klaus-heidegger.at\/wp-content\/uploads\/2025\/07\/achen-1-768x1024.jpg\" alt=\"\" class=\"wp-image-11336\" srcset=\"http:\/\/www.klaus-heidegger.at\/wp-content\/uploads\/2025\/07\/achen-1-768x1024.jpg 768w, http:\/\/www.klaus-heidegger.at\/wp-content\/uploads\/2025\/07\/achen-1-225x300.jpg 225w, http:\/\/www.klaus-heidegger.at\/wp-content\/uploads\/2025\/07\/achen-1-1152x1536.jpg 1152w, http:\/\/www.klaus-heidegger.at\/wp-content\/uploads\/2025\/07\/achen-1-1536x2048.jpg 1536w, http:\/\/www.klaus-heidegger.at\/wp-content\/uploads\/2025\/07\/achen-1-scaled.jpg 1920w\" sizes=\"(max-width: 768px) 100vw, 768px\" \/><\/a><\/figure>\n","protected":false},"excerpt":{"rendered":"<p><img src='http:\/\/www.klaus-heidegger.at\/wp-content\/uploads\/2025\/07\/20250630_130318-768x1024.jpg' class='thumbnail' \/>So hei\u00df wie in den Tagen zuvor wird auch dieser letzte Junitag des Jahres 2025 werden. Ich lebe auf einem aufgeheizten Planeten und wieder zeigt mir der Blick auf die Stra\u00dfen und den Himmel, warum es so ist und wer es ist, der diesen Planeten aufheizt, und wer es ist, der ebendies mit einer Fehlpolitik&#8230;<\/p>\n","protected":false},"author":1,"featured_media":11328,"comment_status":"open","ping_status":"open","sticky":false,"template":"","format":"standard","meta":[],"categories":[1],"tags":[1262,188,2149,1263,1264],"_links":{"self":[{"href":"http:\/\/www.klaus-heidegger.at\/index.php?rest_route=\/wp\/v2\/posts\/11327"}],"collection":[{"href":"http:\/\/www.klaus-heidegger.at\/index.php?rest_route=\/wp\/v2\/posts"}],"about":[{"href":"http:\/\/www.klaus-heidegger.at\/index.php?rest_route=\/wp\/v2\/types\/post"}],"author":[{"embeddable":true,"href":"http:\/\/www.klaus-heidegger.at\/index.php?rest_route=\/wp\/v2\/users\/1"}],"replies":[{"embeddable":true,"href":"http:\/\/www.klaus-heidegger.at\/index.php?rest_route=%2Fwp%2Fv2%2Fcomments&post=11327"}],"version-history":[{"count":2,"href":"http:\/\/www.klaus-heidegger.at\/index.php?rest_route=\/wp\/v2\/posts\/11327\/revisions"}],"predecessor-version":[{"id":11337,"href":"http:\/\/www.klaus-heidegger.at\/index.php?rest_route=\/wp\/v2\/posts\/11327\/revisions\/11337"}],"wp:featuredmedia":[{"embeddable":true,"href":"http:\/\/www.klaus-heidegger.at\/index.php?rest_route=\/wp\/v2\/media\/11328"}],"wp:attachment":[{"href":"http:\/\/www.klaus-heidegger.at\/index.php?rest_route=%2Fwp%2Fv2%2Fmedia&parent=11327"}],"wp:term":[{"taxonomy":"category","embeddable":true,"href":"http:\/\/www.klaus-heidegger.at\/index.php?rest_route=%2Fwp%2Fv2%2Fcategories&post=11327"},{"taxonomy":"post_tag","embeddable":true,"href":"http:\/\/www.klaus-heidegger.at\/index.php?rest_route=%2Fwp%2Fv2%2Ftags&post=11327"}],"curies":[{"name":"wp","href":"https:\/\/api.w.org\/{rel}","templated":true}]}}