{"id":2285,"date":"2016-05-26T05:35:34","date_gmt":"2016-05-26T05:35:34","guid":{"rendered":"http:\/\/www.klaus-heidegger.at\/?p=2285"},"modified":"2022-08-22T07:40:01","modified_gmt":"2022-08-22T07:40:01","slug":"kumpanei-mit-jesus-am-fronleichnamsfest","status":"publish","type":"post","link":"http:\/\/www.klaus-heidegger.at\/?p=2285","title":{"rendered":"Kumpanei mit Jesus \u2013 am Fronleichnamsfest"},"content":{"rendered":"<p>Heute k\u00f6nnen wir es \u00f6ffentlich symbolisch demonstrieren: Jesus ist mein Kumpane,\u00a0 Jesus ist unser Kumpane, ich bin sein Kumpane oder seine Kumpanin. Kumpane \u2013 von con pane \u2013 ist jemand, mit dem man das Brot teilt, das Lebensnotwendige teilt, das, was Kraft und Ausdauer und St\u00e4rke gibt. Dankbar bin ich f\u00fcr meine katholische Kirche in den letzten Wochen und Monaten, die so eindrucksvoll ihre Kumpanei mit den Schwachen und Schw\u00e4chsten immer wieder kundgemacht und tats\u00e4chlich auch gelebt hat: Kumpanei f\u00fcr so manche Fl\u00fcchtlingsfamilie, die in Pfarrh\u00f6fen \u00fcber Inzing, Fulpmes bis Lienz eine Herberge gefunden hat. Die Kirche, die heute mit dem Brot des Lebens durch D\u00f6rfer und St\u00e4dte zieht, ist zur Nachfolgemeinschaft mit jenem geworden, der vor allem sein Brot geteilt hat mit den \u00c4rmsten. In der Monstranz verdichtet sich jener, der sich nicht als starker Mann durchgesetzt hat gegen andere, sondern alle eingeladen hat \u2013 wie es heute gelesen und geh\u00f6rt wird \u2013 sich in Gruppen zusammen zu setzen und das Brot zu teilen, damit alle satt werden k\u00f6nnen. Meine Hoffnung gilt heute, dass uns dieses gewandelte Brot auch hilft, dass wir selbst verwandelt werden und damit auch unsere Gesellschaft zu einer besseren wandeln k\u00f6nnen. Dann kann die Wandlung geschehen, dass wir nicht wie eine Herde Egoisten Welt und Umwelt ausbeuten, sondern achtsam \u2013 so achtsam wie eine Prozession hinter dem Allerheiligsten \u2013 in dieser Welt leben. Dann wird weniger aufs Gaspedal getreten, werden Flugreisen vermieden, wird Geld \u2013 das jemand selbst nicht n\u00f6tig hat \u2013 geteilt oder fair veranlagt, wird \u00fcbriger Wohnraum f\u00fcr Fl\u00fcchtlinge bereit gestellt, gehen Abfallk\u00f6rbe nicht \u00fcber, weil auf M\u00fcll verzichtet wird, werden weniger Dinge gekauft und mehr Dinge geteilt und mit dem Weniger wird achtsamer umgegangen. Kollektive Kumpanei mit Jesus wird zur Kraft, die gewaltfrei ver\u00e4ndert. Heute k\u00f6nnen wir es in Prozessionen ausdr\u00fccken: Wir stehen zu diesem Jesus und seiner Botschaft der Feindesliebe und des Gewaltverzichts. Wir gehen mit diesem Jesus und er geht mit uns, die wir ihn brauchen, um verwandelt zu werden. Wir knien vor diesem Jesus, weil er sich selbst niedergekniet hat um zu zeigen, wie wir einander die F\u00fc\u00dfe waschen k\u00f6nnen.<\/p>\n<p>Klaus Heidegger, Fronleichnam 2016<\/p>\n","protected":false},"excerpt":{"rendered":"<p>Heute k\u00f6nnen wir es \u00f6ffentlich symbolisch demonstrieren: Jesus ist mein Kumpane,\u00a0 Jesus ist unser Kumpane, ich bin sein Kumpane oder seine Kumpanin. Kumpane \u2013 von con pane \u2013 ist jemand, mit dem man das Brot teilt, das Lebensnotwendige teilt, das, was Kraft und Ausdauer und St\u00e4rke gibt. Dankbar bin ich f\u00fcr meine katholische Kirche in&#8230;<\/p>\n","protected":false},"author":1,"featured_media":0,"comment_status":"closed","ping_status":"open","sticky":false,"template":"","format":"standard","meta":[],"categories":[183],"tags":[234,235],"_links":{"self":[{"href":"http:\/\/www.klaus-heidegger.at\/index.php?rest_route=\/wp\/v2\/posts\/2285"}],"collection":[{"href":"http:\/\/www.klaus-heidegger.at\/index.php?rest_route=\/wp\/v2\/posts"}],"about":[{"href":"http:\/\/www.klaus-heidegger.at\/index.php?rest_route=\/wp\/v2\/types\/post"}],"author":[{"embeddable":true,"href":"http:\/\/www.klaus-heidegger.at\/index.php?rest_route=\/wp\/v2\/users\/1"}],"replies":[{"embeddable":true,"href":"http:\/\/www.klaus-heidegger.at\/index.php?rest_route=%2Fwp%2Fv2%2Fcomments&post=2285"}],"version-history":[{"count":1,"href":"http:\/\/www.klaus-heidegger.at\/index.php?rest_route=\/wp\/v2\/posts\/2285\/revisions"}],"predecessor-version":[{"id":2286,"href":"http:\/\/www.klaus-heidegger.at\/index.php?rest_route=\/wp\/v2\/posts\/2285\/revisions\/2286"}],"wp:attachment":[{"href":"http:\/\/www.klaus-heidegger.at\/index.php?rest_route=%2Fwp%2Fv2%2Fmedia&parent=2285"}],"wp:term":[{"taxonomy":"category","embeddable":true,"href":"http:\/\/www.klaus-heidegger.at\/index.php?rest_route=%2Fwp%2Fv2%2Fcategories&post=2285"},{"taxonomy":"post_tag","embeddable":true,"href":"http:\/\/www.klaus-heidegger.at\/index.php?rest_route=%2Fwp%2Fv2%2Ftags&post=2285"}],"curies":[{"name":"wp","href":"https:\/\/api.w.org\/{rel}","templated":true}]}}