{"id":2303,"date":"2016-06-04T19:21:14","date_gmt":"2016-06-04T19:21:14","guid":{"rendered":"http:\/\/www.klaus-heidegger.at\/?p=2303"},"modified":"2022-08-22T07:40:01","modified_gmt":"2022-08-22T07:40:01","slug":"am-brenner-scheiden-sich-die-geister-zur-solidaritaetsaktion-von-pax-christi-am-brenner-am-4-juni-2016","status":"publish","type":"post","link":"http:\/\/www.klaus-heidegger.at\/?p=2303","title":{"rendered":"Am Brenner scheiden sich die Geister \u2013 zur Solidarit\u00e4tsaktion von Pax Christi am Brenner am 4. Juni 2016"},"content":{"rendered":"<p>Der Brenner ist geographisch ein besonderer Ort. Wasserscheide. Am Brenner scheiden sich die Gew\u00e4sser. Die Sill flie\u00dft nach Norden und mit ihr die vielen B\u00e4che und B\u00e4chlein, dann in den Inn und die Donau und dann Schwarzes Meer. Die Eisack flie\u00dft in den S\u00fcden, dann Etsch und dann Mittelmeer. Am Brenner scheiden sich in diese Wochen nicht nur Gew\u00e4sser, sondern auch die Geister.<\/p>\n<p>Der eine Geist will auch am Brenner eine Grenze, die Fl\u00fcchtlingen eine Weiterfahrt verwehrt, will Soldaten, die abhalten, aufgreifen, zur\u00fcckweisen, will Obergrenzen exekutieren. Der andere Geist jedoch will Fl\u00fcchtlingen das Recht auf Asyl und ein faires Asylverfahren nicht vorenthalten, will eine Grenze, die zum Symbol f\u00fcr eine Willkommenskultur werden kann. Diese Seite will, dass Fl\u00fcchtlinge in Europa gerecht verteilt werden. Der Brenner k\u00f6nnte aus praktischen Gr\u00fcnden ein Ort daf\u00fcr sein. Humanes Grenzmanagement w\u00fcrde es erm\u00f6glichen, dass Fl\u00fcchtlinge nicht einfach weiter gewunken , sondern im Sinne des Menschenrechts auf Asyl aufgenommen werden.<\/p>\n<p>Die Kirchen haben sich f\u00fcr diesen Geist ge\u00f6ffnet. Das wurde einmal mehr bei jenem Treffen sicht- und h\u00f6rbar, das am 4. Juni in der Pfarrkirche St. Valentin am Brenner stattgefunden hat.\u00a0 An die 100 Mitglieder von Pax Christi Italien und \u00d6sterreich dr\u00fcckten ihre Solidarit\u00e4t mit den Fl\u00fcchtlingen mit Worten, in Gesten und im Gebet aus. Gefordert wurde unter anderem die Aufhebung der Dublin-Verordnung. Klar abgelehnt wurde eine milit\u00e4rische Fl\u00fcchtlingsabwehr. Kriegsvorbereitungen \u2013 wie Waffenhandel &#8211; und Kriege m\u00fcssten beendet werden, um so die prim\u00e4re Ursache f\u00fcr Fl\u00fcchtlingsbewegungen anzupacken.<\/p>\n<p>Beim \u00f6kumenischen Gottesdienst wurden zwei starke Symbole gew\u00e4hlt. W\u00e4hrend der Lesungen wurde im Hintergrund aus Steinen eine Br\u00fccke gebaut. W\u00e4hrend einer Litanei wurden Blumen auf einen Stacheldraht geheftet. Damit wurde das Motto dieses Treffens verdichtet:\u00a0 Aus Steinen Br\u00fccken bauen und nicht Mauern.<\/p>\n<p>Klaus Heidegger, 4.6.2016<\/p>\n","protected":false},"excerpt":{"rendered":"<p>Der Brenner ist geographisch ein besonderer Ort. Wasserscheide. Am Brenner scheiden sich die Gew\u00e4sser. Die Sill flie\u00dft nach Norden und mit ihr die vielen B\u00e4che und B\u00e4chlein, dann in den Inn und die Donau und dann Schwarzes Meer. Die Eisack flie\u00dft in den S\u00fcden, dann Etsch und dann Mittelmeer. Am Brenner scheiden sich in diese&#8230;<\/p>\n","protected":false},"author":1,"featured_media":2305,"comment_status":"closed","ping_status":"open","sticky":false,"template":"","format":"standard","meta":[],"categories":[182],"tags":[],"_links":{"self":[{"href":"http:\/\/www.klaus-heidegger.at\/index.php?rest_route=\/wp\/v2\/posts\/2303"}],"collection":[{"href":"http:\/\/www.klaus-heidegger.at\/index.php?rest_route=\/wp\/v2\/posts"}],"about":[{"href":"http:\/\/www.klaus-heidegger.at\/index.php?rest_route=\/wp\/v2\/types\/post"}],"author":[{"embeddable":true,"href":"http:\/\/www.klaus-heidegger.at\/index.php?rest_route=\/wp\/v2\/users\/1"}],"replies":[{"embeddable":true,"href":"http:\/\/www.klaus-heidegger.at\/index.php?rest_route=%2Fwp%2Fv2%2Fcomments&post=2303"}],"version-history":[{"count":1,"href":"http:\/\/www.klaus-heidegger.at\/index.php?rest_route=\/wp\/v2\/posts\/2303\/revisions"}],"predecessor-version":[{"id":2306,"href":"http:\/\/www.klaus-heidegger.at\/index.php?rest_route=\/wp\/v2\/posts\/2303\/revisions\/2306"}],"wp:featuredmedia":[{"embeddable":true,"href":"http:\/\/www.klaus-heidegger.at\/index.php?rest_route=\/wp\/v2\/media\/2305"}],"wp:attachment":[{"href":"http:\/\/www.klaus-heidegger.at\/index.php?rest_route=%2Fwp%2Fv2%2Fmedia&parent=2303"}],"wp:term":[{"taxonomy":"category","embeddable":true,"href":"http:\/\/www.klaus-heidegger.at\/index.php?rest_route=%2Fwp%2Fv2%2Fcategories&post=2303"},{"taxonomy":"post_tag","embeddable":true,"href":"http:\/\/www.klaus-heidegger.at\/index.php?rest_route=%2Fwp%2Fv2%2Ftags&post=2303"}],"curies":[{"name":"wp","href":"https:\/\/api.w.org\/{rel}","templated":true}]}}