{"id":2316,"date":"2016-06-19T08:03:40","date_gmt":"2016-06-19T08:03:40","guid":{"rendered":"http:\/\/www.klaus-heidegger.at\/?p=2316"},"modified":"2022-08-22T07:40:01","modified_gmt":"2022-08-22T07:40:01","slug":"ganz-normaler-wahnsinn","status":"publish","type":"post","link":"http:\/\/www.klaus-heidegger.at\/?p=2316","title":{"rendered":"Ganz normaler Wahnsinn"},"content":{"rendered":"<p>Ich blicke auf den Inn. Wie ein rei\u00dfender Bergbach. Treibholz auf seinen braunen Wellen. Starkniederschl\u00e4ge und damit verbunden Hochwasser sind in diesen Junitagen zur Normalit\u00e4t geworden. Die Anormalit\u00e4t wird zur Normalit\u00e4t. Gleich neben dem Inn die A 12 und die B 171. Auto an Auto, Lastauto an Lastauto. Tempo 100 auf der Autobahn wird kaum eingehalten. In den Nachrichten h\u00f6rt man: Rekordverk\u00e4ufe an Neuwagen im vergangenen Jahr. Die Bev\u00f6lkerung wolle mehrheitlich Tempo 100 aufheben. Abertausende haben bereits ihre Flugreisen gebucht. Nur wenige werden mit \u00f6ffentlichen Verkehrsmitteln eine Urlaubsreise machen oder mit kleinem \u00f6kologischem Fu\u00dfabdruck die Sch\u00f6nheiten vor Ort erleben. Die Tatsache, dass Klimawandel, verursacht durch die Emission von Treibhausgasen aus dem massenhaften Individualverkehr und durch Flugreisen zu h\u00f6heren Temperaturen, damit zu h\u00f6herer Verdunstung, damit einerseits zu D\u00fcrren in manchen Gebieten und anderswo zu st\u00e4rkeren Niederschl\u00e4gen und zu Hochwasser f\u00fchren, wird egoistisch ignoriert. Die Versiegelung der B\u00f6den geht weiter, weil mehr Platz f\u00fcr Stra\u00dfen, f\u00fcr Parkpl\u00e4tze, f\u00fcr Einkaufszentren gebraucht wird. Hand in Hand damit nehmen politische Kr\u00e4fte zu, die ebendies wollen und fordern: Mehr Freiheiten f\u00fcr die Autofahrer, noch weniger Steuern auf Treibstoffe, und jene, die heute schon wegen der Folgen des Klimawandels zu Hungerfl\u00fcchtlingen geworden sind, sollen dort bleiben, wo sie sind, und wenn sie kommen, dann haben wir ein gut aufger\u00fcstete Armee.<\/p>\n<p>Dr. Klaus Heidegger, Absam<\/p>\n","protected":false},"excerpt":{"rendered":"<p>Ich blicke auf den Inn. Wie ein rei\u00dfender Bergbach. Treibholz auf seinen braunen Wellen. Starkniederschl\u00e4ge und damit verbunden Hochwasser sind in diesen Junitagen zur Normalit\u00e4t geworden. Die Anormalit\u00e4t wird zur Normalit\u00e4t. Gleich neben dem Inn die A 12 und die B 171. Auto an Auto, Lastauto an Lastauto. Tempo 100 auf der Autobahn wird kaum&#8230;<\/p>\n","protected":false},"author":1,"featured_media":0,"comment_status":"closed","ping_status":"open","sticky":false,"template":"","format":"standard","meta":[],"categories":[1],"tags":[],"_links":{"self":[{"href":"http:\/\/www.klaus-heidegger.at\/index.php?rest_route=\/wp\/v2\/posts\/2316"}],"collection":[{"href":"http:\/\/www.klaus-heidegger.at\/index.php?rest_route=\/wp\/v2\/posts"}],"about":[{"href":"http:\/\/www.klaus-heidegger.at\/index.php?rest_route=\/wp\/v2\/types\/post"}],"author":[{"embeddable":true,"href":"http:\/\/www.klaus-heidegger.at\/index.php?rest_route=\/wp\/v2\/users\/1"}],"replies":[{"embeddable":true,"href":"http:\/\/www.klaus-heidegger.at\/index.php?rest_route=%2Fwp%2Fv2%2Fcomments&post=2316"}],"version-history":[{"count":1,"href":"http:\/\/www.klaus-heidegger.at\/index.php?rest_route=\/wp\/v2\/posts\/2316\/revisions"}],"predecessor-version":[{"id":2318,"href":"http:\/\/www.klaus-heidegger.at\/index.php?rest_route=\/wp\/v2\/posts\/2316\/revisions\/2318"}],"wp:attachment":[{"href":"http:\/\/www.klaus-heidegger.at\/index.php?rest_route=%2Fwp%2Fv2%2Fmedia&parent=2316"}],"wp:term":[{"taxonomy":"category","embeddable":true,"href":"http:\/\/www.klaus-heidegger.at\/index.php?rest_route=%2Fwp%2Fv2%2Fcategories&post=2316"},{"taxonomy":"post_tag","embeddable":true,"href":"http:\/\/www.klaus-heidegger.at\/index.php?rest_route=%2Fwp%2Fv2%2Ftags&post=2316"}],"curies":[{"name":"wp","href":"https:\/\/api.w.org\/{rel}","templated":true}]}}