{"id":2423,"date":"2016-10-03T04:09:25","date_gmt":"2016-10-03T04:09:25","guid":{"rendered":"http:\/\/www.klaus-heidegger.at\/?p=2423"},"modified":"2022-08-22T07:40:00","modified_gmt":"2022-08-22T07:40:00","slug":"sebastian-kurz-und-sein-verstaendnis-fuer-die-politik-orbans","status":"publish","type":"post","link":"http:\/\/www.klaus-heidegger.at\/?p=2423","title":{"rendered":"Sebastian Kurz und sein Verst\u00e4ndnis f\u00fcr die Politik Orb\u00e1ns"},"content":{"rendered":"<p><a href=\"http:\/\/www.klaus-heidegger.at\/wp-content\/uploads\/2016\/10\/26C_Lazarus.jpg\"><img loading=\"lazy\" class=\"alignnone size-full wp-image-2424\" src=\"http:\/\/www.klaus-heidegger.at\/wp-content\/uploads\/2016\/10\/26C_Lazarus.jpg\" alt=\"26c_lazarus\" width=\"330\" height=\"534\" srcset=\"http:\/\/www.klaus-heidegger.at\/wp-content\/uploads\/2016\/10\/26C_Lazarus.jpg 330w, http:\/\/www.klaus-heidegger.at\/wp-content\/uploads\/2016\/10\/26C_Lazarus-185x300.jpg 185w\" sizes=\"(max-width: 330px) 100vw, 330px\" \/><\/a>Quasi am Vorabend der Abstimmung \u00fcber die EU-Fl\u00fcchtlingsquote in Ungarn meinte der \u00f6sterreichischen Au\u00dfen- und Integrationsminister \u00a0in einem Interview, man m\u00fcsse f\u00fcr den Nationalismus und die Fl\u00fcchtlingspolitik in osteurop\u00e4ischen L\u00e4ndern doch Verst\u00e4ndnis haben. (Tiroler Tageszeitung, 1.10.2016) Verst\u00e4ndnis daf\u00fcr, dass der ungarische Staatschef mit einer Angst-Propaganda gegen Migranten und Fl\u00fcchtlinge vorgeht und \u201eMigration als Gift\u201c bezeichnet, die Terrorismus nach sich ziehe? Verst\u00e4ndnis f\u00fcr seine islamophoben \u00c4u\u00dferungen, wonach die \u201emuslimischen Einwanderermassen\u201c die christliche und nationale Identit\u00e4t der V\u00f6lker Europas zerst\u00f6ren w\u00fcrden? Verst\u00e4ndnis f\u00fcr die meterhohen Stacheldrahtz\u00e4une an der ungarischen Grenze zu Serbien und Kroatien? Verst\u00e4ndnis f\u00fcr einen Mann, der lauthals eine Massenausweisung von Einwanderern aus der EU fordert und Fl\u00fcchtlinge lieber in Massenlagern irgendwo in Libyen sehen m\u00f6chte. Verst\u00e4ndnis f\u00fcr einen EU-Staatschef, der die Solidarit\u00e4t innerhalb der EU zur Verteilung der Fl\u00fcchtlinge mit einem Referendum torpediert? F\u00fcr Orb\u00e1n sind selbst 1300 Fl\u00fcchtlinge zu viel, die laut geplantem Verteilungsschl\u00fcssel in Ungarn Schutz finden sollten. Kurz \u00fcbt lieber Kritik an Merkel als an Orb\u00e1n und signalisiert, dass die EU nicht l\u00e4nger an einer Verteilung von Fl\u00fcchtlingen festhalten solle.<\/p>\n<p>Sebastian Kurz wird bereits als k\u00fcnftiger \u00d6VP-Obmann und Spitzenkandidat bei den kommenden Nationalratswahlen gehandelt. Ist das die neue Richtung einer Partei, die sich einmal auf christliche Grundwerte berufen hat? Der \u00f6sterreichische\u00a0 Au\u00dfenminister wurde zum Paten der geschlossenen Balkanroute und n\u00e4hert sich Tag f\u00fcr Tag in der Fl\u00fcchtlingsfrage der FP\u00d6. So ganz anders als die \u201ealte\u201c Riege der \u00d6VP \u2013 von Busek \u00fcber Karas und Fischler \u2013 verbei\u00dft er sich jede Kritik an Norbert Hofer und gibt die Linie der neuen VP vor, keine Wahlempfehlung f\u00fcr Van der Bellen abzugeben. Es dr\u00e4ngt sich der Verdacht auf, dass sich der Star der neuen \u00d6VP eine Koalition mit der FP\u00d6 nicht verbauen wolle. Die \u00d6VP, die stets so vehement f\u00fcr eine Integration im Rahmen der EU eingetreten ist, wo bleibt sie, wenn nun ihr neuer Star die Grundbeschl\u00fcsse infrage stellt? \u00a0Der Beschluss, 130.000 Fl\u00fcchtlinge innerhalb der EU gerecht zu verteilen, kann nicht von einem Mitgliedsstaat einfach aufgehoben werden<\/p>\n<p>Die Botschaft der Sonntagsevangelien in den letzten Wochen scheint f\u00fcr die Politik von Sebastian Kurz keine Rolle zu spielen. Immer wieder fordert Jesus im Lukasevangelium dazu auf, aus der Perspektive der Armen und Verarmten, der Notleidenden und Opfer von Ausbeutungsverh\u00e4ltnissen zu denken und zu handeln. Da war die Gleichnisrede vom reichen Mann, der namenlos ist, und vom armen Lazarus, der den Namen \u201eGott hilft\u201c bekommt. Derjenige, der vor den Toren liegt, soll zum Fokus der Anstrengungen werden. In der Erz\u00e4hlung von Jesus sind es die Tore des Reichen, die dem Lazarus verschlossen bleiben. Heute sind es die Tore Europas, vor denen die Fl\u00fcchtlinge scheitern. Im Sonntagsevangelium der katholischen Kirche, das am Tag des ungarischen Referendums gelesen wurde, fordert Jesus die Apostel und Apostelinnen dazu auf, sich in die Situation der Ausgebeuteten zu versetzen, derjenigen, die Sklaven und Sklavinnen von ungerechten Wirtschaftsverh\u00e4ltnissen geworden sind.<\/p>\n<p>Sebastian Kurz jedenfalls hat diese Perspektive nicht. Statt solidarischer Aufnahme von Fl\u00fcchtlingen fordert er rigorose Abwehr mit dem euphemistischen Begriff vom \u201eSchutz\u201c der Au\u00dfengrenzen.<\/p>\n","protected":false},"excerpt":{"rendered":"<p><img src='http:\/\/www.klaus-heidegger.at\/wp-content\/uploads\/2016\/10\/26C_Lazarus.jpg' class='thumbnail' \/>Quasi am Vorabend der Abstimmung \u00fcber die EU-Fl\u00fcchtlingsquote in Ungarn meinte der \u00f6sterreichischen Au\u00dfen- und Integrationsminister \u00a0in einem Interview, man m\u00fcsse f\u00fcr den Nationalismus und die Fl\u00fcchtlingspolitik in osteurop\u00e4ischen L\u00e4ndern doch Verst\u00e4ndnis haben. (Tiroler Tageszeitung, 1.10.2016) Verst\u00e4ndnis daf\u00fcr, dass der ungarische Staatschef mit einer Angst-Propaganda gegen Migranten und Fl\u00fcchtlinge vorgeht und \u201eMigration als Gift\u201c bezeichnet,&#8230;<\/p>\n","protected":false},"author":1,"featured_media":2424,"comment_status":"closed","ping_status":"open","sticky":false,"template":"","format":"standard","meta":[],"categories":[180],"tags":[268,191,267,266],"_links":{"self":[{"href":"http:\/\/www.klaus-heidegger.at\/index.php?rest_route=\/wp\/v2\/posts\/2423"}],"collection":[{"href":"http:\/\/www.klaus-heidegger.at\/index.php?rest_route=\/wp\/v2\/posts"}],"about":[{"href":"http:\/\/www.klaus-heidegger.at\/index.php?rest_route=\/wp\/v2\/types\/post"}],"author":[{"embeddable":true,"href":"http:\/\/www.klaus-heidegger.at\/index.php?rest_route=\/wp\/v2\/users\/1"}],"replies":[{"embeddable":true,"href":"http:\/\/www.klaus-heidegger.at\/index.php?rest_route=%2Fwp%2Fv2%2Fcomments&post=2423"}],"version-history":[{"count":1,"href":"http:\/\/www.klaus-heidegger.at\/index.php?rest_route=\/wp\/v2\/posts\/2423\/revisions"}],"predecessor-version":[{"id":2425,"href":"http:\/\/www.klaus-heidegger.at\/index.php?rest_route=\/wp\/v2\/posts\/2423\/revisions\/2425"}],"wp:featuredmedia":[{"embeddable":true,"href":"http:\/\/www.klaus-heidegger.at\/index.php?rest_route=\/wp\/v2\/media\/2424"}],"wp:attachment":[{"href":"http:\/\/www.klaus-heidegger.at\/index.php?rest_route=%2Fwp%2Fv2%2Fmedia&parent=2423"}],"wp:term":[{"taxonomy":"category","embeddable":true,"href":"http:\/\/www.klaus-heidegger.at\/index.php?rest_route=%2Fwp%2Fv2%2Fcategories&post=2423"},{"taxonomy":"post_tag","embeddable":true,"href":"http:\/\/www.klaus-heidegger.at\/index.php?rest_route=%2Fwp%2Fv2%2Ftags&post=2423"}],"curies":[{"name":"wp","href":"https:\/\/api.w.org\/{rel}","templated":true}]}}