{"id":2777,"date":"2017-05-01T09:39:38","date_gmt":"2017-05-01T09:39:38","guid":{"rendered":"http:\/\/www.klaus-heidegger.at\/?p=2777"},"modified":"2026-02-02T13:56:32","modified_gmt":"2026-02-02T13:56:32","slug":"2777","status":"publish","type":"post","link":"http:\/\/www.klaus-heidegger.at\/?p=2777","title":{"rendered":"Religionsfreiheit und Kopftuch"},"content":{"rendered":"<p>Der national und international viel diskutiere Kopftuchsager von Bundespr\u00e4sident Van der Bellen \u2013 \u201eman kann Frauen nicht vorschreiben, was sie zu tragen und was sie nicht zu tragen haben\u201c und \u201ewenn das so weitergeht, m\u00fcsse man eines Tages alle Frauen bitten, aus Solidarit\u00e4t ein Kopftuch zu tragen\u201c \u2013 l\u00f6ste einmal mehr ein Nachdenken \u00fcber den hohen Wert der Religionsfreiheit aus. VdB verteidigte mit seiner ironisch zugespitzten \u00c4u\u00dferung nicht nur die Religionsfreiheit, sondern, wie er w\u00f6rtlich meinte, \u201edas Recht der Frau, sich zu kleiden, wie auch immer sie m\u00f6chte\u201c. Gerade in diesem Satz wird so deutlich, dass VdB in keinster Weise etwa die frauenfeindlichen Zw\u00e4nge verteidigt, mit denen Frauen von islamistischen Kr\u00e4ften zum Kopftuchtragen verpflichtet werden. VdB jetzt zu unterstellen, wie es beispielsweise in islamfeindlichen Kolumnen im Boulevard (Krone 30.4.2017) oder von rechtspopulistischen Kreisen getan wird, er w\u00fcrde Millionen Frauen in islamistischen Staaten in den R\u00fccken fallen, ist einfach unrichtig oder billige islamophobe Polemik. Kein Wunder, dass der rechtspopulistische Parteichef HC Strache von VdB eine Entschuldigung forderte. Entschuldigung wof\u00fcr? Dass er f\u00fcr die Freiheit eingetreten ist? Nein, der \u00f6sterreichische Bundespr\u00e4sident, ist weder f\u00fcr ein Kopftuchgebot noch f\u00fcr ein Kopftuchverbot. In diesem Sinne wird er seinem Selbstanspruch, Pr\u00e4sident aller \u00d6sterreicher zu sein, gerecht: F\u00fcr Frauen, die kein Kopftuch tragen wie f\u00fcr Frauen, die eines tragen wollen. Zurecht nimmt der Bundespr\u00e4sident seine Aufgabe ernst, davor zu warnen, wenn durch islamophobe Ma\u00dfnahmen eine Feindschaft zwischen Muslimen und Nicht-Muslimen in unserem Land gen\u00e4hrt wird. Sein Vergleich mit judensterntragenden D\u00e4nen und kopftuchtragenden Musliminnen ist vom Gehalt her nicht unrichtig. In beiden F\u00e4llen geht es darum, auch wenn die Gr\u00f6\u00dfenordnung eine ganz andere ist, dass Menschen wegen ihres Glaubens oder Herkunft ausgegrenzt und diskriminiert werden, was letztlich zur Verfolgung f\u00fchrt.<\/p>\n<p>Klaus Heidegger, 1. Mai 2017<\/p>\n","protected":false},"excerpt":{"rendered":"<p>Der national und international viel diskutiere Kopftuchsager von Bundespr\u00e4sident Van der Bellen \u2013 \u201eman kann Frauen nicht vorschreiben, was sie zu tragen und was sie nicht zu tragen haben\u201c und \u201ewenn das so weitergeht, m\u00fcsse man eines Tages alle Frauen bitten, aus Solidarit\u00e4t ein Kopftuch zu tragen\u201c \u2013 l\u00f6ste einmal mehr ein Nachdenken \u00fcber den&#8230;<\/p>\n","protected":false},"author":1,"featured_media":0,"comment_status":"closed","ping_status":"open","sticky":false,"template":"","format":"standard","meta":[],"categories":[1],"tags":[],"_links":{"self":[{"href":"http:\/\/www.klaus-heidegger.at\/index.php?rest_route=\/wp\/v2\/posts\/2777"}],"collection":[{"href":"http:\/\/www.klaus-heidegger.at\/index.php?rest_route=\/wp\/v2\/posts"}],"about":[{"href":"http:\/\/www.klaus-heidegger.at\/index.php?rest_route=\/wp\/v2\/types\/post"}],"author":[{"embeddable":true,"href":"http:\/\/www.klaus-heidegger.at\/index.php?rest_route=\/wp\/v2\/users\/1"}],"replies":[{"embeddable":true,"href":"http:\/\/www.klaus-heidegger.at\/index.php?rest_route=%2Fwp%2Fv2%2Fcomments&post=2777"}],"version-history":[{"count":3,"href":"http:\/\/www.klaus-heidegger.at\/index.php?rest_route=\/wp\/v2\/posts\/2777\/revisions"}],"predecessor-version":[{"id":11985,"href":"http:\/\/www.klaus-heidegger.at\/index.php?rest_route=\/wp\/v2\/posts\/2777\/revisions\/11985"}],"wp:attachment":[{"href":"http:\/\/www.klaus-heidegger.at\/index.php?rest_route=%2Fwp%2Fv2%2Fmedia&parent=2777"}],"wp:term":[{"taxonomy":"category","embeddable":true,"href":"http:\/\/www.klaus-heidegger.at\/index.php?rest_route=%2Fwp%2Fv2%2Fcategories&post=2777"},{"taxonomy":"post_tag","embeddable":true,"href":"http:\/\/www.klaus-heidegger.at\/index.php?rest_route=%2Fwp%2Fv2%2Ftags&post=2777"}],"curies":[{"name":"wp","href":"https:\/\/api.w.org\/{rel}","templated":true}]}}