{"id":3006,"date":"2017-11-09T17:47:18","date_gmt":"2017-11-09T17:47:18","guid":{"rendered":"http:\/\/www.klaus-heidegger.at\/?p=3006"},"modified":"2022-08-22T07:39:37","modified_gmt":"2022-08-22T07:39:37","slug":"9-november","status":"publish","type":"post","link":"http:\/\/www.klaus-heidegger.at\/?p=3006","title":{"rendered":"9. November"},"content":{"rendered":"<p>Heute \u2026 der Tag an dem wir an die Schreckensnacht des Novemberpogroms denken. Ein Sch\u00fcler in einer Maturaklasse nimmt dies in einem Referat im Religionsunterricht zum Anlass, um \u00fcber den Antisemitismus von damals und heute zu sprechen. Heute \u2026 der Tag, an dem 21 Abgeordnete der FP\u00d6 und einer von ihnen als 3. Nationalratsabgeordneter als deutsch-v\u00f6lkische Burschenschaftler im h\u00f6chsten Haus unserer Republik Platz genommen haben: Vertreter von Korporationen, in denen zuhauf T\u00e4ter des Nationalsozialismus an Verbrechen beteiligt waren. Das aufgesteckte Edelwei\u00df am Revers der Frischangelobten ist weniger besetzt als die ehemaligen blauen Kornblumen \u2013 doch ist damit auch jene Gesinnung weg, wo wir uns heute denken m\u00fcssen: NIE WIEDER? Als Religionslehrer kann ich mich auf eine Kirche st\u00fctzen, die heute wie Kardinal Sch\u00f6nborn spricht: \u00a0&#8222;Es ist ein Tag der schamvollen Erinnerung, die zugleich das oft zitierte, aber immer wieder zu wenig ernstgenommene Wort &#8218;Nie wieder&#8216; birgt&#8220;, \u2026und weiters meint Sch\u00f6nborn, &#8222;dass der Widerstand der Christen gegen dieses Denken viel zu schwach war &#8211; und dies, obwohl ihr Glaube die Botschaft von der gleichen W\u00fcrde aller Menschen auf Grund ihrer Gottebenbildlichkeit enth\u00e4lt&#8220;. Es sind wichtige Worte, die gesprochen werden, die Mut geben, dass heute die Kirche dort Widerstand leistet, wo neue Formen der Ausgrenzung und des Rassismus auftreten. Das ist zugleich die reformatorische Linie des Juden Saul von Tarsus, der in der Nachfolge des Juden Jesus von einem Volk sprach, in dem die v\u00f6lkisch-nationalistischen Grenzen aufgehoben werden zugunsten eines Denkens, in dem es \u201eweder Juden noch Griechen\u201c gibt, sondern wir alle eins sind. In der \u00dcberwindung des V\u00f6lkischen lag die Erfolgsstory des Christentums und kann es auch heute sein. H\u00e4tten die Christen und Christinnen damals \u2013 es war der Beginn der Nazi-Schreckensherrschaft \u2013 schon Papst Pius XI. verstanden, der davon sprach, dass wir Christen im geistigen Sinne ja auch Semiten sind, dann w\u00e4ren die Christinnen und Christen in all unseren christlich gepr\u00e4gten L\u00e4ndern sch\u00fctzend um die 1400 Synagogen gestanden, die vor 79 Jahren abgefackelt wurden. Noch vor ein paar Tagen konnte ich in Berlin Gedenkorte besuchen, die eine notwendige Erinnerung wachhalten, damit es nie wieder geschehe!<\/p>\n","protected":false},"excerpt":{"rendered":"<p>Heute \u2026 der Tag an dem wir an die Schreckensnacht des Novemberpogroms denken. Ein Sch\u00fcler in einer Maturaklasse nimmt dies in einem Referat im Religionsunterricht zum Anlass, um \u00fcber den Antisemitismus von damals und heute zu sprechen. Heute \u2026 der Tag, an dem 21 Abgeordnete der FP\u00d6 und einer von ihnen als 3. Nationalratsabgeordneter als&#8230;<\/p>\n","protected":false},"author":1,"featured_media":0,"comment_status":"closed","ping_status":"open","sticky":false,"template":"","format":"standard","meta":[],"categories":[182],"tags":[383,382],"_links":{"self":[{"href":"http:\/\/www.klaus-heidegger.at\/index.php?rest_route=\/wp\/v2\/posts\/3006"}],"collection":[{"href":"http:\/\/www.klaus-heidegger.at\/index.php?rest_route=\/wp\/v2\/posts"}],"about":[{"href":"http:\/\/www.klaus-heidegger.at\/index.php?rest_route=\/wp\/v2\/types\/post"}],"author":[{"embeddable":true,"href":"http:\/\/www.klaus-heidegger.at\/index.php?rest_route=\/wp\/v2\/users\/1"}],"replies":[{"embeddable":true,"href":"http:\/\/www.klaus-heidegger.at\/index.php?rest_route=%2Fwp%2Fv2%2Fcomments&post=3006"}],"version-history":[{"count":2,"href":"http:\/\/www.klaus-heidegger.at\/index.php?rest_route=\/wp\/v2\/posts\/3006\/revisions"}],"predecessor-version":[{"id":3008,"href":"http:\/\/www.klaus-heidegger.at\/index.php?rest_route=\/wp\/v2\/posts\/3006\/revisions\/3008"}],"wp:attachment":[{"href":"http:\/\/www.klaus-heidegger.at\/index.php?rest_route=%2Fwp%2Fv2%2Fmedia&parent=3006"}],"wp:term":[{"taxonomy":"category","embeddable":true,"href":"http:\/\/www.klaus-heidegger.at\/index.php?rest_route=%2Fwp%2Fv2%2Fcategories&post=3006"},{"taxonomy":"post_tag","embeddable":true,"href":"http:\/\/www.klaus-heidegger.at\/index.php?rest_route=%2Fwp%2Fv2%2Ftags&post=3006"}],"curies":[{"name":"wp","href":"https:\/\/api.w.org\/{rel}","templated":true}]}}