{"id":3562,"date":"2018-11-07T05:10:45","date_gmt":"2018-11-07T05:10:45","guid":{"rendered":"http:\/\/www.klaus-heidegger.at\/?p=3562"},"modified":"2022-08-22T07:39:35","modified_gmt":"2022-08-22T07:39:35","slug":"nie-wieder","status":"publish","type":"post","link":"http:\/\/www.klaus-heidegger.at\/?p=3562","title":{"rendered":"Nie wieder!"},"content":{"rendered":"<figure id=\"attachment_3563\" aria-describedby=\"caption-attachment-3563\" style=\"width: 198px\" class=\"wp-caption alignright\"><img loading=\"lazy\" class=\" wp-image-3563\" src=\"http:\/\/www.klaus-heidegger.at\/wp-content\/uploads\/2018\/11\/nie-wieder.jpg\" alt=\"\" width=\"198\" height=\"732\" \/><figcaption id=\"caption-attachment-3563\" class=\"wp-caption-text\">Nie wieder Krieg!<\/figcaption><\/figure>\n<p>Nie wieder!<br \/>\nSo denken wir heute mit Blick auf gestern,<br \/>\nauf den Wahn der Pogromnacht vor 80 Jahren,<br \/>\nauf die Schrecken der Naziherrschaft.<\/p>\n<p>Nie wieder!<br \/>\nd\u00fcrfen J\u00fcdinnen und Juden zu S\u00fcndenb\u00f6cken gemacht,<br \/>\nzu Feinden erkl\u00e4rt,<br \/>\nals Rasse verunglimpft,<br \/>\nals Jesusm\u00f6rder gebrandmarkt werden.<br \/>\nDer Jude Jesus war einer von ihnen,<br \/>\ndie erschlagen wurden von deutschen Herrenmenschen,<br \/>\nkaltbl\u00fctig vorbereitet,<br \/>\naufgehetzt der Mob.<\/p>\n<p>Nie wieder!<br \/>\ndarf es antij\u00fcdische Polemik geben.<br \/>\nL\u00fcgenlegenden in Gestalt von Ritualmordgeschichten<br \/>\nsind entlarvt als gemeines Machwerk.<br \/>\nAls Jude starb Jesus am Kreuz.<br \/>\nJ\u00fcdisch ist die Seele des Christentums.<\/p>\n<p>Nie wieder!<br \/>\nsoll Propaganda die Wahrheit verdrehen<br \/>\nund der L\u00fcge zum Sieg verhelfen.<br \/>\nWo Medienfreiheit abgeschafft wird,<br \/>\nwo kritischer Journalismus geknebelt wird,<br \/>\nwo Fake die News verdr\u00e4ngen,<br \/>\nbreitet Unrecht sich aus.<\/p>\n<p>Nie wieder!<br \/>\nd\u00fcrfen Menschenrechte mit F\u00fc\u00dfen getreten werden,<br \/>\ndarf mit juristischen Winkelz\u00fcgen Unmenschlichkeit erlaubt werden.<\/p>\n<p>Nie wieder!<br \/>\nd\u00fcrfen Synagogen oder Kirchen oder Moscheen brennen,<br \/>\nweil jede Religion ist heilig,<br \/>\nweil Religionsfreiheit ein Menschenrecht.<\/p>\n<p>Nie wieder!<br \/>\ndarf eine Religionsgemeinschaft diffamiert,<br \/>\ndarf freie Religionsaus\u00fcbung eingeschr\u00e4nkt werden,<br \/>\nwenn Menschenrechte ihr Ma\u00dfstab sind.<\/p>\n<p>Und morgen werden wir gefragt werden,<br \/>\nso wie wir heute fragen,<br \/>\nwarum haben Menschen damals nichts getan,<br \/>\nhaben zugeschaut,<br \/>\nhaben weggeschaut<br \/>\noder gar mitgemacht,<br \/>\nnicht aufgeschrieen,<br \/>\nnicht in Schutz genommen,<br \/>\nnicht protestiert,<br \/>\nwart \u201epart of the game\u201c?<\/p>\n<p>Mehr als 1500 Menschen ertranken in diesem Jahr im Mittelmeer,<br \/>\nMauern werden hochgezogen,<br \/>\nHungersnot in afrikanischen L\u00e4ndern wegen der Kriege,<br \/>\nausgetragen mit Kriegsger\u00e4t aus Europa und den USA,<br \/>\nMassenflucht angefeuert wegen klimatischer Ver\u00e4nderungen,<br \/>\nAusbeutung menschlicher Arbeitskraft im Un-Geist neoliberaler Profitlogik,<br \/>\ngemeinsame L\u00f6sungen auf Weltebene werde nationalistischem Kleingeist geopfert,<br \/>\nMenschen werden auch heute wegen ihres Glaubens verfolgt.<\/p>\n<p>Nie wieder!<br \/>\nDieser Ruf wecke uns auf!<\/p>\n<p>Klaus Heidegger, Im Gedenken an den 9. November 1938<\/p>\n<p>&nbsp;<\/p>\n<p>&nbsp;<\/p>\n","protected":false},"excerpt":{"rendered":"<p><img src='http:\/\/www.klaus-heidegger.at\/wp-content\/uploads\/2018\/11\/nie-wieder.jpg' class='thumbnail' \/>Nie wieder! So denken wir heute mit Blick auf gestern, auf den Wahn der Pogromnacht vor 80 Jahren, auf die Schrecken der Naziherrschaft. Nie wieder! d\u00fcrfen J\u00fcdinnen und Juden zu S\u00fcndenb\u00f6cken gemacht, zu Feinden erkl\u00e4rt, als Rasse verunglimpft, als Jesusm\u00f6rder gebrandmarkt werden. Der Jude Jesus war einer von ihnen, die erschlagen wurden von deutschen Herrenmenschen,&#8230;<\/p>\n","protected":false},"author":1,"featured_media":3563,"comment_status":"closed","ping_status":"open","sticky":false,"template":"","format":"standard","meta":[],"categories":[182],"tags":[460,459],"_links":{"self":[{"href":"http:\/\/www.klaus-heidegger.at\/index.php?rest_route=\/wp\/v2\/posts\/3562"}],"collection":[{"href":"http:\/\/www.klaus-heidegger.at\/index.php?rest_route=\/wp\/v2\/posts"}],"about":[{"href":"http:\/\/www.klaus-heidegger.at\/index.php?rest_route=\/wp\/v2\/types\/post"}],"author":[{"embeddable":true,"href":"http:\/\/www.klaus-heidegger.at\/index.php?rest_route=\/wp\/v2\/users\/1"}],"replies":[{"embeddable":true,"href":"http:\/\/www.klaus-heidegger.at\/index.php?rest_route=%2Fwp%2Fv2%2Fcomments&post=3562"}],"version-history":[{"count":2,"href":"http:\/\/www.klaus-heidegger.at\/index.php?rest_route=\/wp\/v2\/posts\/3562\/revisions"}],"predecessor-version":[{"id":3565,"href":"http:\/\/www.klaus-heidegger.at\/index.php?rest_route=\/wp\/v2\/posts\/3562\/revisions\/3565"}],"wp:featuredmedia":[{"embeddable":true,"href":"http:\/\/www.klaus-heidegger.at\/index.php?rest_route=\/wp\/v2\/media\/3563"}],"wp:attachment":[{"href":"http:\/\/www.klaus-heidegger.at\/index.php?rest_route=%2Fwp%2Fv2%2Fmedia&parent=3562"}],"wp:term":[{"taxonomy":"category","embeddable":true,"href":"http:\/\/www.klaus-heidegger.at\/index.php?rest_route=%2Fwp%2Fv2%2Fcategories&post=3562"},{"taxonomy":"post_tag","embeddable":true,"href":"http:\/\/www.klaus-heidegger.at\/index.php?rest_route=%2Fwp%2Fv2%2Ftags&post=3562"}],"curies":[{"name":"wp","href":"https:\/\/api.w.org\/{rel}","templated":true}]}}