{"id":3577,"date":"2018-11-12T20:14:45","date_gmt":"2018-11-12T20:14:45","guid":{"rendered":"http:\/\/www.klaus-heidegger.at\/?p=3577"},"modified":"2026-02-02T14:35:25","modified_gmt":"2026-02-02T14:35:25","slug":"happy-birthday-republik-oesterreich","status":"publish","type":"post","link":"http:\/\/www.klaus-heidegger.at\/?p=3577","title":{"rendered":"Happy Birthday \u2013 Republik \u00d6sterreich"},"content":{"rendered":"<p>Dankbar feiere ich in einer Republik zu leben,<br \/>\nin der laut Verfassung das Recht vom Volk ausgeht,<br \/>\nin der demokratische Spielregeln die Grundlage sind,<br \/>\nin der nicht Adelige \u00fcber die Geschicke des Landes bestimmen,<br \/>\nin der demokratische Theorie zur Praxis des Alltags werden k\u00f6nnte.<\/p>\n<p>Dankbar bin ich,<br \/>\ndass Frauen und M\u00e4nner im Wahlrecht gleichgesetzt sind,<br \/>\ndass theoretische Gleichheit zur praktischen Gleichheit f\u00fchren k\u00f6nnte:<br \/>\ndies k\u00f6nnte Ansporn daf\u00fcr sein,<br \/>\ndass Gendergerechtigkeit in vielen Bereichen des Alltags zur Normalit\u00e4t werde.<\/p>\n<p>Dankbar feiere ich in einer bunten Nation zu leben,<br \/>\ndie so viel mehr ist als burschenhafte Deutscht\u00fcmelei,<br \/>\ndie Deutsche und Slowenen,<br \/>\nKroaten und Roma und Sinti<br \/>\nund heute so viele Nationalit\u00e4ten<br \/>\nin einer Heimat zusammenf\u00fchrt.<\/p>\n<p>Dankbar feiere ich eine Nation,<br \/>\ndie bereit war zu trans- und internationalen Kooperationen,<br \/>\nderen Hauptstadt zur UN-Stadt wurde,<br \/>\neine Nation,<br \/>\nin der die gro\u00dfe Welt ihre Probe halten k\u00f6nnte.<\/p>\n<p>Dankbar feiere ich,<br \/>\ndass nach all den Schreckensjahren der Fremdherrschaft und Kriege<br \/>\nMenschenrechte als Baustein einer neuen Republik werden sollten.<\/p>\n<p>Dankbar feiere ich die Trennung von Kirche und Staat,<br \/>\ndie Freiheit f\u00fcr die Religionen bedeutet<br \/>\nund die Freiheit des Staates von religi\u00f6ser Bevormundung,<br \/>\ndie Raum schafft f\u00fcr ein freies Zusammenspiel<br \/>\nvon Religionsgemeinschaften, Kirchen und Staat.<\/p>\n<p>Dankbar feiere ich,<br \/>\ndass niemand in unserem Land in den Krieg ziehen muss,<br \/>\ndass heute den Deserteuren Gedenkorte errichtet<br \/>\nund Krieger nicht mehr als Helden verehrt werden.<\/p>\n<p>Doch bei so mancher Geburtstagsrede,<br \/>\nbei den sch\u00f6nen Sonntagsreden,<br \/>\nschn\u00fcrt es mich im Hals,<br \/>\nund ich m\u00f6chte manche der t\u00fcrkis-blauen Festredner fragen:<\/p>\n<p>Warum lobt ihr die bunte Nation<br \/>\nund lasst nicht los von deutschnationalem Gedankengut,<br \/>\nwarum nur sinniert ihr \u00fcber Deutschpflicht auf dem Schulhof?<br \/>\nWarum preist ihr die Buntheit dieser Nation in den Himmel<br \/>\nund missachtet die Rechte jener,<br \/>\ndie in ihrer Not zu uns gekommen sind?<br \/>\nWarum redet ihr von Religionsfreiheit<br \/>\nund diffamiert eine Religionsgemeinschaft<br \/>\nund stilisiert Kopftuch oder Minarett zum Problem?<br \/>\nWarum wollt ihr Meinungsfreiheit beschr\u00e4nken,<br \/>\ndie Grundlage ist f\u00fcr jede Demokratie,<br \/>\nwarum soll der \u00f6ffentliche Rundfunksender eingebremst werden<br \/>\nund werden Lehrpersonen eingesch\u00fcchtert?<br \/>\nWelchen Nationalstolz habt ihr,<br \/>\nwenn \u00d6sterreich ganz hinten ist in der Klimabilanz<br \/>\nund statt einschneidener Ma\u00dfnahmen gegen Erderw\u00e4rmung<br \/>\nsich einen Minister leistet,<br \/>\nder noch schneller dem Untergang entgegenrast?<br \/>\nWarum preist ihr die aufbauende Nachkriegsgeneration,<br \/>\ndie mit wenig viel geleistet hat,<br \/>\nund k\u00fcrzt heute Menschen in Not<br \/>\ndie Notstandshilfe weg?<br \/>\nWarum legt ihr Kr\u00e4nze nieder und beschw\u00f6rt,<br \/>\nes d\u00fcrfe nie wieder Krieg geben,<br \/>\nund beteiligt euch an Kriegsvorbereitungen,<br \/>\nhaltet an der Wehrpflicht fest<br \/>\nund f\u00fcttert die Kassen der Kriegsindustrie?<br \/>\nWarum lobt ihr die Nation<br \/>\nund meint damit engstirnigen Nationalismus,<br \/>\num sich gegen Vereinte Nationen und EU zu stellen?<\/p>\n<p>So manches Gerede der Republiksrepr\u00e4sentanten<br \/>\nwird\u00a0 zur Heuchelei,<br \/>\nweil die Taten so ganz anders sind als die Worte,<br \/>\ndie heute gew\u00e4hlt werden.<\/p>\n<p>Klaus Heidegger, 12.11.2018, 100 Jahre Republik \u00d6sterreich<\/p>\n","protected":false},"excerpt":{"rendered":"<p>Dankbar feiere ich in einer Republik zu leben, in der laut Verfassung das Recht vom Volk ausgeht, in der demokratische Spielregeln die Grundlage sind, in der nicht Adelige \u00fcber die Geschicke des Landes bestimmen, in der demokratische Theorie zur Praxis des Alltags werden k\u00f6nnte. Dankbar bin ich, dass Frauen und M\u00e4nner im Wahlrecht gleichgesetzt sind,&#8230;<\/p>\n","protected":false},"author":1,"featured_media":0,"comment_status":"closed","ping_status":"open","sticky":false,"template":"","format":"standard","meta":[],"categories":[182],"tags":[461],"_links":{"self":[{"href":"http:\/\/www.klaus-heidegger.at\/index.php?rest_route=\/wp\/v2\/posts\/3577"}],"collection":[{"href":"http:\/\/www.klaus-heidegger.at\/index.php?rest_route=\/wp\/v2\/posts"}],"about":[{"href":"http:\/\/www.klaus-heidegger.at\/index.php?rest_route=\/wp\/v2\/types\/post"}],"author":[{"embeddable":true,"href":"http:\/\/www.klaus-heidegger.at\/index.php?rest_route=\/wp\/v2\/users\/1"}],"replies":[{"embeddable":true,"href":"http:\/\/www.klaus-heidegger.at\/index.php?rest_route=%2Fwp%2Fv2%2Fcomments&post=3577"}],"version-history":[{"count":4,"href":"http:\/\/www.klaus-heidegger.at\/index.php?rest_route=\/wp\/v2\/posts\/3577\/revisions"}],"predecessor-version":[{"id":12066,"href":"http:\/\/www.klaus-heidegger.at\/index.php?rest_route=\/wp\/v2\/posts\/3577\/revisions\/12066"}],"wp:attachment":[{"href":"http:\/\/www.klaus-heidegger.at\/index.php?rest_route=%2Fwp%2Fv2%2Fmedia&parent=3577"}],"wp:term":[{"taxonomy":"category","embeddable":true,"href":"http:\/\/www.klaus-heidegger.at\/index.php?rest_route=%2Fwp%2Fv2%2Fcategories&post=3577"},{"taxonomy":"post_tag","embeddable":true,"href":"http:\/\/www.klaus-heidegger.at\/index.php?rest_route=%2Fwp%2Fv2%2Ftags&post=3577"}],"curies":[{"name":"wp","href":"https:\/\/api.w.org\/{rel}","templated":true}]}}