{"id":4123,"date":"2019-06-12T18:52:24","date_gmt":"2019-06-12T18:52:24","guid":{"rendered":"http:\/\/www.klaus-heidegger.at\/?p=4123"},"modified":"2026-02-02T14:58:06","modified_gmt":"2026-02-02T14:58:06","slug":"hl-sebastian-erloese-uns-wahlkampf-im-spiegel-der-mimetischen-mechanismen","status":"publish","type":"post","link":"http:\/\/www.klaus-heidegger.at\/?p=4123","title":{"rendered":"\u201eHl. Sebastian, erl\u00f6se uns!\u201c  Wahlkampf im Spiegel der mimetischen Mechanismen"},"content":{"rendered":"<p><strong>S\u00fcndenbocktheorie<\/strong><\/p>\n<p>Die gro\u00dfen Weltreligionen und philosophischen Str\u00f6mungen sprechen in ihren Mythologien von der Verschw\u00f6rung urspr\u00fcnglicher Feinde, die einen S\u00fcndenbock konstruieren, um sich nicht gegenseitig zu vernichten. Dieser wird\u00a0 schlie\u00dflich get\u00f6tet, wodurch Frieden zwischen den im mimetischen Wettstreit verfeindeten Gruppen entsteht. Es f\u00e4llt nicht schwer, diese Strukturen mit wechselnden austauschbaren Charakteren im politischen Alltagsgesch\u00e4ft, vor allem aber in Wahlkampfzeiten wieder zu entdecken.<\/p>\n<p><strong>Sebastian Kurz im S\u00fcndenbock-Image<\/strong><\/p>\n<p>Auf dem ersten Plakat, das vom Team Sebastian Kurz bzw. der \u201eneuen\u201c Volkspartei nun in der Vorwahlkampfzeit bereits lanciert worden ist, sieht man einen eisern entschlossenen Parteiobmann, der ziel- und siegessicher in die Zukunft schaut. Der Werbetext dazu lautet: \u201eRot-Blau hat bestimmt. Das Volk wird entscheiden. Unser Weg hat erst begonnen.\u201c Mehrfach problematisch ist diese Werbebotschaft. Es erinnert an den Opfermythos, der zun\u00e4chst mit dem Ende der Kanzlerschaft von Sebastian Kurz verkn\u00fcpft wird. Er sei von Rot-Blau zu Sturz gebracht worden. Er sei quasi der Verfolgte, das Opfer, der S\u00fcndenbock. Wer aber nur etwas \u00fcber diesen Satz hinaus denkt, wird sich folgende Fragen stellen. Waren es nicht die vom Volk gew\u00e4hlten parlamentarischen Vertreterinnen und Vertreter, die mehrheitlich die vorige Bundesregierung abgew\u00e4hlt hatten? Der Vorwurf an Rot-Blau ist zumindest implizit ein Angriff auf den \u00f6sterreichischen Parlamentarismus. Zwischen dem im zweiten Kurzsatz formulierten Begriff \u201eVolk\u201c und den gew\u00e4hlten Mandatarinnen und Mandataren des Parlaments wird ein Gegensatz konstruiert, der h\u00f6chst gef\u00e4hrlich ist. Er erinnert fatal an das Diktum jenes ehemaligen Regierungsmitglieds, der Ausl\u00f6ser f\u00fcr die Regierungsaufl\u00f6sung war. Kickl hatte es in die pr\u00e4gnanten Worte gepackt: \u201eDas Recht geht von der Politik aus!\u201c Zum einen wird Sebastian Kurz nun selbst als Opfer von Rot-Blau stilisiert, zum anderen wird er gerade dadurch aber zum Superhelden, der im Auftrag des Volkes regieren soll.<\/p>\n<p><strong>Verhaltenscodes im Wahlkampf<\/strong><\/p>\n<p>Die Katholische Aktion \u00d6sterreichs ruft in dieser kurzen Wahlkampfzeit die politischen Parteien dazu auf, einen sachlich-orientierten und fairen Wahlkampf zu f\u00fchren, der nicht auf einer Verunglimpfung der politischen Gegner aufbaut. Wenn nun bereits in der ersten Plakatakampagne nicht\u00a0 Inhalte im Vordergrund stehen, sondern eine Feindschaft gegen\u00fcber Rot-Blau stilisiert wird, gegen die sich das Volk zur Wehr setzen soll, dann ist dies ein schlechtes Omen f\u00fcr die kommenden Wochen. Sachlich w\u00fcrde bedeuten, mit politischen Inhalten nach W\u00e4hlerstimmen zu suchen. Fair w\u00fcrde bedeuten, politische Kontrahenten nicht als quasi Feinde zu brandmarken. Daher sei nochmals auf inhaltliche Punkte verwiesen. Mit Blick auf die Lage der Fl\u00fcchtlinge, die seit Schlie\u00dfung der Balkanroute \u2013 daf\u00fcr machte sich ja vor allem der ehemalige Kanzler Kurz stark \u2013 noch dramatischer geworden ist, mit Blick auf Asylsuchende, die unter dem ehemaligen Innenminister Kickl, der von Kurz ins Regierungsboot geholt worden ist, permanent unw\u00fcrdigen Schikanen ausgeliefert worden sind, mit Blick auf das Versagen in der Umwelt- und Verkehrspolitik, f\u00fcr die der ehemalige 140-km\/h-Verkehrsminister steht, mit Blick auf die zunehmend gr\u00f6\u00dfer werdenden Disparit\u00e4ten in der Gesellschaft, mit Blick auf islamophobe Ma\u00dfnahmen, aus diesen Blickwinkeln wirkt es bedrohlich, wenn es auf dem \u00d6VP-Werbesujet hei\u00dft \u201eUnser Weg hat erst begonnen &#8230;\u201c<\/p>\n<p>Dr. Klaus Heidegger, Vorsitzender der Katholischen Aktion der Di\u00f6zese Innsbruck, 12. Juni 2019<\/p>\n","protected":false},"excerpt":{"rendered":"<p>S\u00fcndenbocktheorie Die gro\u00dfen Weltreligionen und philosophischen Str\u00f6mungen sprechen in ihren Mythologien von der Verschw\u00f6rung urspr\u00fcnglicher Feinde, die einen S\u00fcndenbock konstruieren, um sich nicht gegenseitig zu vernichten. Dieser wird\u00a0 schlie\u00dflich get\u00f6tet, wodurch Frieden zwischen den im mimetischen Wettstreit verfeindeten Gruppen entsteht. Es f\u00e4llt nicht schwer, diese Strukturen mit wechselnden austauschbaren Charakteren im politischen Alltagsgesch\u00e4ft, vor allem&#8230;<\/p>\n","protected":false},"author":1,"featured_media":0,"comment_status":"closed","ping_status":"open","sticky":false,"template":"","format":"standard","meta":[],"categories":[1],"tags":[266,522,521],"_links":{"self":[{"href":"http:\/\/www.klaus-heidegger.at\/index.php?rest_route=\/wp\/v2\/posts\/4123"}],"collection":[{"href":"http:\/\/www.klaus-heidegger.at\/index.php?rest_route=\/wp\/v2\/posts"}],"about":[{"href":"http:\/\/www.klaus-heidegger.at\/index.php?rest_route=\/wp\/v2\/types\/post"}],"author":[{"embeddable":true,"href":"http:\/\/www.klaus-heidegger.at\/index.php?rest_route=\/wp\/v2\/users\/1"}],"replies":[{"embeddable":true,"href":"http:\/\/www.klaus-heidegger.at\/index.php?rest_route=%2Fwp%2Fv2%2Fcomments&post=4123"}],"version-history":[{"count":5,"href":"http:\/\/www.klaus-heidegger.at\/index.php?rest_route=\/wp\/v2\/posts\/4123\/revisions"}],"predecessor-version":[{"id":12111,"href":"http:\/\/www.klaus-heidegger.at\/index.php?rest_route=\/wp\/v2\/posts\/4123\/revisions\/12111"}],"wp:attachment":[{"href":"http:\/\/www.klaus-heidegger.at\/index.php?rest_route=%2Fwp%2Fv2%2Fmedia&parent=4123"}],"wp:term":[{"taxonomy":"category","embeddable":true,"href":"http:\/\/www.klaus-heidegger.at\/index.php?rest_route=%2Fwp%2Fv2%2Fcategories&post=4123"},{"taxonomy":"post_tag","embeddable":true,"href":"http:\/\/www.klaus-heidegger.at\/index.php?rest_route=%2Fwp%2Fv2%2Ftags&post=4123"}],"curies":[{"name":"wp","href":"https:\/\/api.w.org\/{rel}","templated":true}]}}