{"id":4159,"date":"2019-07-08T18:45:49","date_gmt":"2019-07-08T18:45:49","guid":{"rendered":"http:\/\/www.klaus-heidegger.at\/?p=4159"},"modified":"2026-02-02T15:00:39","modified_gmt":"2026-02-02T15:00:39","slug":"nothilfelogik-des-altbundeskanzlers-kurz","status":"publish","type":"post","link":"http:\/\/www.klaus-heidegger.at\/?p=4159","title":{"rendered":"Nothilfelogik des Altbundeskanzlers Kurz"},"content":{"rendered":"<p>Wenn Fl\u00fcchtlinge im Mittelmeer in Seenot geraten, dann sollen die Rettungsboote der Hilfsorganisationen nicht vor Ort sein, weil andere Verzweifelte dann doch einen Fluchtversuch wagen k\u00f6nnten. Wie absurd diese Logik ist, zeigt sich in folgender Analogie: Wenn jemand in Not ger\u00e4t, brauchst du nicht helfen, weil dann k\u00f6nnten sich andere auch verleitet sehen, sich einer Gefahr auszusetzen. Wenn ein Bergsteiger in Bergnot ger\u00e4t, dann besser nicht helfen, weil es k\u00f6nnte ja dazu f\u00fchren, dass andere zum Bergsteigen animiert werden k\u00f6nnten, wenn sie wissen, da gibt es f\u00fcr den Notfall auch eine Bergrettung. Auch \u00d6AMTC oder ARB\u00d6 sollten nicht mehr aktiv werden, wenn ein Auto eine Panne hat, weil das k\u00f6nnte ja dazu f\u00fchren, dass andere pannenanf\u00e4llig sich auf den Weg machen k\u00f6nnten. Menschlichkeit wird einer unmenschlichen Logik geopfert, die nur scheinbar logisch ist. Es g\u00e4be auch die andere Logik. Wer in Not ger\u00e4t, der muss gerettet werden. Das ist der Kernsatz der Menschenrechte und der christlichen Ethik zugleich. Diese andere Logik hat Papst Franziskus bei der Messe f\u00fcr Fl\u00fcchtlinge und Seenotretter im Petersdom verk\u00fcndet. Eine christliche Politik m\u00fcsse sich um die Letzten k\u00fcmmern. Und er meinte mit deutlichen Worten: &#8222;Die Letzten, das sind die, die get\u00e4uscht und verlassen werden, um in der W\u00fcste zu sterben; die Letzten sind die, die in Gefangenenlagern gefoltert, missbraucht und verletzt werden; die Letzten sind die, die den Wellen eines erbarmungslosen Meeres trotzen; die Letzten sind die, die zu lange in Auffanglagern gelassen werden, als dass man ihren Aufenthalt dort als tempor\u00e4r bezeichnen k\u00f6nnte.\u201c Das klingt so anders als die Worte des wahlk\u00e4mpfenden \u00d6VP-Vorsitzenden.<\/p>\n<p>Klaus Heidegger,<br \/>\nVorsitzender der Katholischen Aktion der Di\u00f6zese Innsbruck, 8. Juli 2019<\/p>\n<p><a href=\"mailto:klaus.heidegger@aon.at\">klaus.heidegger@aon.at<\/a>, Bachgasse 10, 6067 Absam, 0680 55 49 115<\/p>\n","protected":false},"excerpt":{"rendered":"<p>Wenn Fl\u00fcchtlinge im Mittelmeer in Seenot geraten, dann sollen die Rettungsboote der Hilfsorganisationen nicht vor Ort sein, weil andere Verzweifelte dann doch einen Fluchtversuch wagen k\u00f6nnten. Wie absurd diese Logik ist, zeigt sich in folgender Analogie: Wenn jemand in Not ger\u00e4t, brauchst du nicht helfen, weil dann k\u00f6nnten sich andere auch verleitet sehen, sich einer&#8230;<\/p>\n","protected":false},"author":1,"featured_media":0,"comment_status":"closed","ping_status":"open","sticky":false,"template":"","format":"standard","meta":[],"categories":[180],"tags":[266,526],"_links":{"self":[{"href":"http:\/\/www.klaus-heidegger.at\/index.php?rest_route=\/wp\/v2\/posts\/4159"}],"collection":[{"href":"http:\/\/www.klaus-heidegger.at\/index.php?rest_route=\/wp\/v2\/posts"}],"about":[{"href":"http:\/\/www.klaus-heidegger.at\/index.php?rest_route=\/wp\/v2\/types\/post"}],"author":[{"embeddable":true,"href":"http:\/\/www.klaus-heidegger.at\/index.php?rest_route=\/wp\/v2\/users\/1"}],"replies":[{"embeddable":true,"href":"http:\/\/www.klaus-heidegger.at\/index.php?rest_route=%2Fwp%2Fv2%2Fcomments&post=4159"}],"version-history":[{"count":2,"href":"http:\/\/www.klaus-heidegger.at\/index.php?rest_route=\/wp\/v2\/posts\/4159\/revisions"}],"predecessor-version":[{"id":12114,"href":"http:\/\/www.klaus-heidegger.at\/index.php?rest_route=\/wp\/v2\/posts\/4159\/revisions\/12114"}],"wp:attachment":[{"href":"http:\/\/www.klaus-heidegger.at\/index.php?rest_route=%2Fwp%2Fv2%2Fmedia&parent=4159"}],"wp:term":[{"taxonomy":"category","embeddable":true,"href":"http:\/\/www.klaus-heidegger.at\/index.php?rest_route=%2Fwp%2Fv2%2Fcategories&post=4159"},{"taxonomy":"post_tag","embeddable":true,"href":"http:\/\/www.klaus-heidegger.at\/index.php?rest_route=%2Fwp%2Fv2%2Ftags&post=4159"}],"curies":[{"name":"wp","href":"https:\/\/api.w.org\/{rel}","templated":true}]}}