{"id":4294,"date":"2019-10-17T19:58:23","date_gmt":"2019-10-17T19:58:23","guid":{"rendered":"http:\/\/www.klaus-heidegger.at\/?p=4294"},"modified":"2022-08-22T07:38:35","modified_gmt":"2022-08-22T07:38:35","slug":"kraftvoll","status":"publish","type":"post","link":"http:\/\/www.klaus-heidegger.at\/?p=4294","title":{"rendered":"kraftvoll"},"content":{"rendered":"<p><img loading=\"lazy\" class=\"alignnone size-full wp-image-4295\" src=\"http:\/\/www.klaus-heidegger.at\/wp-content\/uploads\/2019\/10\/inn-klein.jpg\" alt=\"\" width=\"1632\" height=\"1224\" srcset=\"http:\/\/www.klaus-heidegger.at\/wp-content\/uploads\/2019\/10\/inn-klein.jpg 1632w, http:\/\/www.klaus-heidegger.at\/wp-content\/uploads\/2019\/10\/inn-klein-300x225.jpg 300w, http:\/\/www.klaus-heidegger.at\/wp-content\/uploads\/2019\/10\/inn-klein-768x576.jpg 768w, http:\/\/www.klaus-heidegger.at\/wp-content\/uploads\/2019\/10\/inn-klein-1024x768.jpg 1024w\" sizes=\"(max-width: 1632px) 100vw, 1632px\" \/>die Kraft des Wassers betrachten<br \/>\nflie\u00dfend, erfrischend und stark ist es<\/p>\n<p>die Kraft der Berge bestaunen<br \/>\nbest\u00e4ndig, besch\u00fctzend und stark sind sie<\/p>\n<p>die Kr\u00e4fte der Natur wahrnehmen<br \/>\nvielf\u00e4ltig, bunt und stark ist sie<\/p>\n<p>die Kraft in den Menschen erleben<br \/>\nermutigend, tragend und best\u00e4rkend sind sie<\/p>\n<p>die Kraft von Liebe und Freundschaft annehmen<br \/>\ntr\u00f6stend, z\u00e4rtlich und belebend sind sie<\/p>\n<p>die Kraft in sich selber ersp\u00fcren<br \/>\ngen\u00e4hrt und beschenkt durch die anderen Kr\u00e4fte<\/p>\n<p>die Kraft des G\u00f6ttlichen wirken lassen<br \/>\nin Begegnungen und t\u00e4glichem Tun<\/p>\n<p>klaus-heidegger, 17.10.2019<\/p>\n","protected":false},"excerpt":{"rendered":"<p><img src='http:\/\/www.klaus-heidegger.at\/wp-content\/uploads\/2019\/10\/inn-klein.jpg' class='thumbnail' \/>die Kraft des Wassers betrachten flie\u00dfend, erfrischend und stark ist es die Kraft der Berge bestaunen best\u00e4ndig, besch\u00fctzend und stark sind sie die Kr\u00e4fte der Natur wahrnehmen vielf\u00e4ltig, bunt und stark ist sie die Kraft in den Menschen erleben ermutigend, tragend und best\u00e4rkend sind sie die Kraft von Liebe und Freundschaft annehmen tr\u00f6stend, z\u00e4rtlich und&#8230;<\/p>\n","protected":false},"author":1,"featured_media":4295,"comment_status":"closed","ping_status":"open","sticky":false,"template":"","format":"standard","meta":[],"categories":[492],"tags":[556],"_links":{"self":[{"href":"http:\/\/www.klaus-heidegger.at\/index.php?rest_route=\/wp\/v2\/posts\/4294"}],"collection":[{"href":"http:\/\/www.klaus-heidegger.at\/index.php?rest_route=\/wp\/v2\/posts"}],"about":[{"href":"http:\/\/www.klaus-heidegger.at\/index.php?rest_route=\/wp\/v2\/types\/post"}],"author":[{"embeddable":true,"href":"http:\/\/www.klaus-heidegger.at\/index.php?rest_route=\/wp\/v2\/users\/1"}],"replies":[{"embeddable":true,"href":"http:\/\/www.klaus-heidegger.at\/index.php?rest_route=%2Fwp%2Fv2%2Fcomments&post=4294"}],"version-history":[{"count":1,"href":"http:\/\/www.klaus-heidegger.at\/index.php?rest_route=\/wp\/v2\/posts\/4294\/revisions"}],"predecessor-version":[{"id":4296,"href":"http:\/\/www.klaus-heidegger.at\/index.php?rest_route=\/wp\/v2\/posts\/4294\/revisions\/4296"}],"wp:featuredmedia":[{"embeddable":true,"href":"http:\/\/www.klaus-heidegger.at\/index.php?rest_route=\/wp\/v2\/media\/4295"}],"wp:attachment":[{"href":"http:\/\/www.klaus-heidegger.at\/index.php?rest_route=%2Fwp%2Fv2%2Fmedia&parent=4294"}],"wp:term":[{"taxonomy":"category","embeddable":true,"href":"http:\/\/www.klaus-heidegger.at\/index.php?rest_route=%2Fwp%2Fv2%2Fcategories&post=4294"},{"taxonomy":"post_tag","embeddable":true,"href":"http:\/\/www.klaus-heidegger.at\/index.php?rest_route=%2Fwp%2Fv2%2Ftags&post=4294"}],"curies":[{"name":"wp","href":"https:\/\/api.w.org\/{rel}","templated":true}]}}