{"id":4721,"date":"2020-02-28T15:06:20","date_gmt":"2020-02-28T15:06:20","guid":{"rendered":"http:\/\/www.klaus-heidegger.at\/?p=4721"},"modified":"2022-08-22T07:38:19","modified_gmt":"2022-08-22T07:38:19","slug":"unversoehnt","status":"publish","type":"post","link":"http:\/\/www.klaus-heidegger.at\/?p=4721","title":{"rendered":"unvers\u00f6hnt"},"content":{"rendered":"<figure id=\"attachment_4719\" aria-describedby=\"caption-attachment-4719\" style=\"width: 1632px\" class=\"wp-caption alignnone\"><img loading=\"lazy\" class=\"size-full wp-image-4719\" src=\"http:\/\/www.klaus-heidegger.at\/wp-content\/uploads\/2020\/02\/Baum-kahl-2-klein.jpg\" alt=\"\" width=\"1632\" height=\"1224\" srcset=\"http:\/\/www.klaus-heidegger.at\/wp-content\/uploads\/2020\/02\/Baum-kahl-2-klein.jpg 1632w, http:\/\/www.klaus-heidegger.at\/wp-content\/uploads\/2020\/02\/Baum-kahl-2-klein-300x225.jpg 300w, http:\/\/www.klaus-heidegger.at\/wp-content\/uploads\/2020\/02\/Baum-kahl-2-klein-768x576.jpg 768w, http:\/\/www.klaus-heidegger.at\/wp-content\/uploads\/2020\/02\/Baum-kahl-2-klein-1024x768.jpg 1024w\" sizes=\"(max-width: 1632px) 100vw, 1632px\" \/><figcaption id=\"caption-attachment-4719\" class=\"wp-caption-text\">ein Baum Ende Februar 20 auf meinem Schulweg<\/figcaption><\/figure>\n<p>unvers\u00f6hnt<br \/>\nwenn Dutzende Kriege gef\u00fchrt werden<br \/>\nund neue begonnen<br \/>\nund das T\u00f6ten und Morden kein Ende findet<\/p>\n<p>unvers\u00f6hnt<br \/>\nwenn Fl\u00fcchtlinge in den Kriegsgebieten hungern<br \/>\nund Kinder in der K\u00e4lte der Zelte erfrieren<br \/>\nund der Krieg geht in die n\u00e4chste Runde<\/p>\n<p>unvers\u00f6hnt<br \/>\nwenn Asylsuchende abgeschoben werden<br \/>\nauch gut integrierte<br \/>\nund in Ausbildung stehend<\/p>\n<p>unvers\u00f6hnt<br \/>\nwenn der m\u00e4chtigste Mann der Welt<br \/>\nV\u00f6lkern mit Ausl\u00f6schung droht<br \/>\nund gef\u00e4hrliches Spiel betreibt mit den Waffen<\/p>\n<p>unvers\u00f6hnt<br \/>\nwenn Rechtsextreme die Gesellschaft spalten<br \/>\nund Xenophobien verbreiten<br \/>\nund selbst vor Gewalttaten nicht zur\u00fcckschrecken<\/p>\n<p>unvers\u00f6hnt<br \/>\nwenn Reiche werden reicher<br \/>\nund der Luxus der Wenigen vermehrt sich<br \/>\nund die Armen werden \u00e4rmer und mehr<\/p>\n<p>unvers\u00f6hnt<br \/>\nwenn Treibhausgase weiter steigen<br \/>\nund das 1,5 Grad-Celsius-Ziel bleibt in weiter Ferne<br \/>\nund die Erderhitzung geht ungebremst weiter<\/p>\n<p>unvers\u00f6hnt<br \/>\nwenn die Zahl der Lkws \u00fcber den Brenner steigt st\u00e4ndig<br \/>\nund Menschen im L\u00e4rm und Dreck ersticken<br \/>\nund eine L\u00f6sung ist nicht in Sicht<\/p>\n<p>unvers\u00f6hnt<br \/>\nwenn eine EU-Kommissarin Transitgeplagten in den R\u00fccken f\u00e4llt<br \/>\nund Lkw-Beschr\u00e4nkungen aushebeln will<br \/>\nund Anw\u00e4ltin der Fr\u00e4chterlobby ist<\/p>\n<p>unvers\u00f6hnt<br \/>\nwenn K\u00e4lber \u00fcber Tausende Kilometer geschleppt werden<br \/>\num dort einen grausamen Tod zu erleiden<br \/>\nund Menschen machen Profit auf Kosten von Tierleid<\/p>\n<p>Klaus Heidegger, 28.2.2020<\/p>\n","protected":false},"excerpt":{"rendered":"<p><img src='http:\/\/www.klaus-heidegger.at\/wp-content\/uploads\/2020\/02\/Baum-kahl-2-klein.jpg' class='thumbnail' \/>unvers\u00f6hnt wenn Dutzende Kriege gef\u00fchrt werden und neue begonnen und das T\u00f6ten und Morden kein Ende findet unvers\u00f6hnt wenn Fl\u00fcchtlinge in den Kriegsgebieten hungern und Kinder in der K\u00e4lte der Zelte erfrieren und der Krieg geht in die n\u00e4chste Runde unvers\u00f6hnt wenn Asylsuchende abgeschoben werden auch gut integrierte und in Ausbildung stehend unvers\u00f6hnt wenn der&#8230;<\/p>\n","protected":false},"author":1,"featured_media":4719,"comment_status":"closed","ping_status":"open","sticky":false,"template":"","format":"standard","meta":[],"categories":[492],"tags":[636,635,630],"_links":{"self":[{"href":"http:\/\/www.klaus-heidegger.at\/index.php?rest_route=\/wp\/v2\/posts\/4721"}],"collection":[{"href":"http:\/\/www.klaus-heidegger.at\/index.php?rest_route=\/wp\/v2\/posts"}],"about":[{"href":"http:\/\/www.klaus-heidegger.at\/index.php?rest_route=\/wp\/v2\/types\/post"}],"author":[{"embeddable":true,"href":"http:\/\/www.klaus-heidegger.at\/index.php?rest_route=\/wp\/v2\/users\/1"}],"replies":[{"embeddable":true,"href":"http:\/\/www.klaus-heidegger.at\/index.php?rest_route=%2Fwp%2Fv2%2Fcomments&post=4721"}],"version-history":[{"count":1,"href":"http:\/\/www.klaus-heidegger.at\/index.php?rest_route=\/wp\/v2\/posts\/4721\/revisions"}],"predecessor-version":[{"id":4722,"href":"http:\/\/www.klaus-heidegger.at\/index.php?rest_route=\/wp\/v2\/posts\/4721\/revisions\/4722"}],"wp:featuredmedia":[{"embeddable":true,"href":"http:\/\/www.klaus-heidegger.at\/index.php?rest_route=\/wp\/v2\/media\/4719"}],"wp:attachment":[{"href":"http:\/\/www.klaus-heidegger.at\/index.php?rest_route=%2Fwp%2Fv2%2Fmedia&parent=4721"}],"wp:term":[{"taxonomy":"category","embeddable":true,"href":"http:\/\/www.klaus-heidegger.at\/index.php?rest_route=%2Fwp%2Fv2%2Fcategories&post=4721"},{"taxonomy":"post_tag","embeddable":true,"href":"http:\/\/www.klaus-heidegger.at\/index.php?rest_route=%2Fwp%2Fv2%2Ftags&post=4721"}],"curies":[{"name":"wp","href":"https:\/\/api.w.org\/{rel}","templated":true}]}}