{"id":4787,"date":"2020-03-21T05:32:28","date_gmt":"2020-03-21T05:32:28","guid":{"rendered":"http:\/\/www.klaus-heidegger.at\/?p=4787"},"modified":"2026-02-02T15:45:04","modified_gmt":"2026-02-02T15:45:04","slug":"oesterliches-post-corona-zeitalter","status":"publish","type":"post","link":"http:\/\/www.klaus-heidegger.at\/?p=4787","title":{"rendered":"\u00d6sterliches Post-Corona-Zeitalter: Tutto andr\u00e0 bene"},"content":{"rendered":"<p>Wir werden in uns neu das Freiheitsgef\u00fchl sp\u00fcren, wenn wir\u00a0 wieder von Dorf zu Dorf und von Stadt zu Stadt gehen k\u00f6nnen. Wir werden die Freude auskosten, in andere L\u00e4nder zu fahren und dort Menschen zu besuchen, die wir lieb haben. Wir werden diese Freiheiten besonders genie\u00dfen und an jene denken, die selbst ohne Corona eingesperrt sind hinter Mauern des Unrechts. Das wird uns inspirieren, uns politisch f\u00fcr die Ausgegrenzten, Eingesperrten und politisch Gefangenen zu\u00a0 engagieren. Wir werden wachsam sein, um ungerechtfertigte Einschr\u00e4nkungen und \u00dcberwachungen zu erkennen,\u00a0 und wir werden f\u00fcr Meinungsfreiheit aufstehen.<\/p>\n<p>Wir werden so gl\u00fccklich sein, wenn wir uns umarmen k\u00f6nnen und uns in den Armen liegen d\u00fcrfen. Soziale Distanz war lebenswichtige Vergangenheit, soziale N\u00e4he wird Gegenwart sein. Wir d\u00fcrfen uns wieder nahe kommen. Kinder haben die Spielpl\u00e4tze zur\u00fcck erobert und die Sportbegeisterten sausen mit ihren R\u00e4dern durch die Landschaften und klettern voller Leidenschaft auf den Bergen herum. Wir werden uns analog begegnen k\u00f6nnen und nicht nur auf Bildschirmen sehen. Nein, vergessen werden wir sie nicht, die roten Linien als Abstandshalter und die verzerrten Videokonferenzbilder, die Atemschutzmasken und gespenstisch leeren St\u00e4dte und D\u00f6rfer. Aber sie werden Bilder aus der Vergangenheit sein und uns dankbar sein lassen f\u00fcr ein Leben danach.<\/p>\n<p>Wir werden wieder dankbar sein, dass in den Schulen unterrichtet und an den Universit\u00e4ten gelehrt und geforscht wird. Das E-Learning der vergangenen Wochen kann nun im Gespr\u00e4ch vertieft und in pers\u00f6nlichen Kontakten im Klassenzimmer vertieft werden.<\/p>\n<p>Wir werden genau hinsehen m\u00fcssen, wie die von der Corona-Krise gesch\u00fcttelten Staatsbudgets konsolidiert werden: nicht auf Kosten der sozial Schwachen und nicht zugunsten der gro\u00dfen Bankunternehmungen, bei denen die Staaten ihre Schuldenberge get\u00fcrmt haben.<\/p>\n<p>Wir werden mit Dankbarkeit zur\u00fcck blicken auf all die \u00c4rzte, Pflegekr\u00e4fte und Rettungsorganisationen, die f\u00fcr die Erkrankten dagewesen sind &#8211; oft unter der Gefahr, selbst zu erkranken. Wir werden uns erinnern, dass wir mit Vernunft die n\u00f6tigen Schutzma\u00dfnahmen ergriffen haben, ohne uns von Panikmache und Hysterie anstecken zu lassen, um ein schnelleres Ausbreiten der Pandemie zu verhindern.<\/p>\n<p>Wir haben gelernt, wie die kleinen Netzwerke uns Kraft geben. Es ist uns bewusst geworden, dass Balkongel\u00e4nder oder Gartenzaun nicht eine Grenze zu unserer Nachbarschaft sind und Musik und Klatschen uns mit Menschen in der N\u00e4he verbinden. Selbst jenen Menschen, die uns vorwurfsvoll\u00a0 anblickten, als wir einen \u201eSpaziergang\u201c mit Schutzabstand in der frischen Luft trotz Ausgangssperre wagten, haben wir verziehen, weil sie meinten es ja nur gut.<\/p>\n<p>Wir sind uns bewusst geworden, dass es vor allem die \u00c4rmeren und \u00c4rmsten sind, die in einer Krise besonders betroffen sind. Menschen an oder unter der Armutsgrenze haben einen schlechteren Gesundheitszustand und waren durch den Coronavirus mehr gef\u00e4hrdet. Jenen, die im Zusammenhang mit der Corona-Krise ihre Jobs verloren haben und nur eine geringe Arbeitslosenunterst\u00fctzung bekommen, wird mit einem Notprogramm geholfen werden. Vor allem aber werden wir nach Corona in einer Gesellschaft leben, in der die Einkommensdisparit\u00e4ten abgebaut werden. Eine Art erwerbsunabh\u00e4ngiges Grundeinkommen wird f\u00fcr eine bedarfsorientierte Gerechtigkeit sorgen und den sozialen Absturz\u00a0 Tausender verhindern.<\/p>\n<p>Wir haben neu unser Sozial- und Gesundheitssystem sch\u00e4tzen gelernt und wissen, dass es mit unseren Steuergeldern finanziert wird. Daher werden wir kaum noch bei jenen Online-Riesen bestellen und einkaufen, die keine Steuern zahlen, um unsere Krankenh\u00e4user zu finanzieren.<\/p>\n<p>Wir haben Dankbarkeit neu entdeckt f\u00fcr die Angestellten in den Lebensmittelgesch\u00e4ften, die f\u00fcr den Nachschub in den Gesch\u00e4ften sorgen, die die Regale stapeln oder hinter der Theke stehen, die unsere Waren einscannen und selbst in Corona-Zeiten oft ungesch\u00fctzt an den Kassen waren, an die Lkw-Fahrer, die die Waren liefern und die Produzentinnen und Produzenten unserer Lebensmittel. Wir werden es als ungerecht empfinden, wenn die L\u00f6hne der Handeslangestellten weit unter dem Durchschnitt liegen.<\/p>\n<p>Wir lernen neu so zu leben und einzukaufen, dass eine regionale Wirtschaftsstruktur gest\u00e4rkt wird, in der es weniger globale Abh\u00e4ngigkeiten gibt, in der Arbeitspl\u00e4tze vor Ort erhalten werden und der \u00f6kologische Fu\u00dfabdruck kleiner gehalten wird.<\/p>\n<p>Wir sind uns einmal mehr bewusst geworden, wie wichtig die Pflegekr\u00e4fte in unserem Land sind. Im nationalen Budget wird es weniger Geld f\u00fcr Bauma\u00dfnahmen und milit\u00e4rische Ausr\u00fcstung geben, aber die sozialen Bereiche werden ausgebaut.<\/p>\n<p>Wir werden uns immer daran erinnern, wie ein Himmel ohne giftige Kondensstreifen aussieht und erfahren, dass wir nicht in ferne L\u00e4nder fliegen m\u00fcssen, um das wirklich gro\u00dfe Gl\u00fcck zu finden.<\/p>\n<p>Wir werden Seite an Seite weltweit mit Tausenden Freitag f\u00fcr Freitag gegen die Erderhitzung auf der Stra\u00dfe sein. Die Alten, die durch die Jungen w\u00e4hrend der Corona-Zeit besonders gesch\u00fctzt wurden, unterst\u00fctzen die Jungen in ihrer Sorge um das Klima. Wir sind nicht wegen des Coronavirus in Panik geraten, sondern wollen, dass die Welt in Panik ger\u00e4t, wenn durch die Erderhitzung Massentod, Elend und Zerst\u00f6rung der Lebensgrundlagen drohen.<\/p>\n<p>Wir werden es genie\u00dfen in Kirchen zu gehen und die N\u00e4he einer gl\u00e4ubigen Gemeinschaft zu sp\u00fcren. Unser Gebet wird voll Dankbarkeit sein, Gott in einer langen Krise als st\u00e4rkend-begleitende Kraft in Gestalt menschlicher Hilfe erlebt zu haben. Wir haben neu erfahren k\u00f6nnen, wie G\u00f6ttliches gerade in einer schweren Krise Halt geben kann und der Glaube tr\u00e4gt, weil er mit Hoffnung und Liebe untrennbar verbunden ist. Ganz konkret. Das wird ein Fest der Auferstehung sein.<\/p>\n<p>Klaus Heidegger, 21.3.2020<\/p>\n","protected":false},"excerpt":{"rendered":"<p>Wir werden in uns neu das Freiheitsgef\u00fchl sp\u00fcren, wenn wir\u00a0 wieder von Dorf zu Dorf und von Stadt zu Stadt gehen k\u00f6nnen. Wir werden die Freude auskosten, in andere L\u00e4nder zu fahren und dort Menschen zu besuchen, die wir lieb haben. Wir werden diese Freiheiten besonders genie\u00dfen und an jene denken, die selbst ohne Corona&#8230;<\/p>\n","protected":false},"author":1,"featured_media":0,"comment_status":"closed","ping_status":"open","sticky":false,"template":"","format":"standard","meta":[],"categories":[1],"tags":[650],"_links":{"self":[{"href":"http:\/\/www.klaus-heidegger.at\/index.php?rest_route=\/wp\/v2\/posts\/4787"}],"collection":[{"href":"http:\/\/www.klaus-heidegger.at\/index.php?rest_route=\/wp\/v2\/posts"}],"about":[{"href":"http:\/\/www.klaus-heidegger.at\/index.php?rest_route=\/wp\/v2\/types\/post"}],"author":[{"embeddable":true,"href":"http:\/\/www.klaus-heidegger.at\/index.php?rest_route=\/wp\/v2\/users\/1"}],"replies":[{"embeddable":true,"href":"http:\/\/www.klaus-heidegger.at\/index.php?rest_route=%2Fwp%2Fv2%2Fcomments&post=4787"}],"version-history":[{"count":11,"href":"http:\/\/www.klaus-heidegger.at\/index.php?rest_route=\/wp\/v2\/posts\/4787\/revisions"}],"predecessor-version":[{"id":12143,"href":"http:\/\/www.klaus-heidegger.at\/index.php?rest_route=\/wp\/v2\/posts\/4787\/revisions\/12143"}],"wp:attachment":[{"href":"http:\/\/www.klaus-heidegger.at\/index.php?rest_route=%2Fwp%2Fv2%2Fmedia&parent=4787"}],"wp:term":[{"taxonomy":"category","embeddable":true,"href":"http:\/\/www.klaus-heidegger.at\/index.php?rest_route=%2Fwp%2Fv2%2Fcategories&post=4787"},{"taxonomy":"post_tag","embeddable":true,"href":"http:\/\/www.klaus-heidegger.at\/index.php?rest_route=%2Fwp%2Fv2%2Ftags&post=4787"}],"curies":[{"name":"wp","href":"https:\/\/api.w.org\/{rel}","templated":true}]}}