{"id":5292,"date":"2020-07-01T16:54:21","date_gmt":"2020-07-01T16:54:21","guid":{"rendered":"http:\/\/www.klaus-heidegger.at\/?p=5292"},"modified":"2022-08-22T07:38:17","modified_gmt":"2022-08-22T07:38:17","slug":"die-sonne-erwarten","status":"publish","type":"post","link":"http:\/\/www.klaus-heidegger.at\/?p=5292","title":{"rendered":"die Sonne erwarten"},"content":{"rendered":"<p><img loading=\"lazy\" class=\"alignnone size-full wp-image-5293\" src=\"http:\/\/www.klaus-heidegger.at\/wp-content\/uploads\/2020\/07\/sonne-erwarten.jpg\" alt=\"\" width=\"1632\" height=\"1224\" srcset=\"http:\/\/www.klaus-heidegger.at\/wp-content\/uploads\/2020\/07\/sonne-erwarten.jpg 1632w, http:\/\/www.klaus-heidegger.at\/wp-content\/uploads\/2020\/07\/sonne-erwarten-300x225.jpg 300w, http:\/\/www.klaus-heidegger.at\/wp-content\/uploads\/2020\/07\/sonne-erwarten-768x576.jpg 768w, http:\/\/www.klaus-heidegger.at\/wp-content\/uploads\/2020\/07\/sonne-erwarten-1024x768.jpg 1024w\" sizes=\"(max-width: 1632px) 100vw, 1632px\" \/>dass sie uns scheine<br \/>\nim Dunkeln von Tagen<\/p>\n<p>dass sie uns w\u00e4rme<br \/>\nin der K\u00e4lte von Tagen<\/p>\n<p>dass sie uns trockne<br \/>\ndurchn\u00e4sst von den Tr\u00e4nen<\/p>\n<p>dass sie uns begleite<br \/>\ndurch Tage und Monde<\/p>\n<p>dass sie uns verwandle<br \/>\nzu sonnigen Menschen<\/p>\n<p><em>klaus.heidegger,<br \/>\nBeim Sonnenaufgang am Hochmahdkopf, 1.7.2020<\/em><\/p>\n<p>&nbsp;<\/p>\n","protected":false},"excerpt":{"rendered":"<p><img src='http:\/\/www.klaus-heidegger.at\/wp-content\/uploads\/2020\/07\/sonne-erwarten.jpg' class='thumbnail' \/>dass sie uns scheine im Dunkeln von Tagen dass sie uns w\u00e4rme in der K\u00e4lte von Tagen dass sie uns trockne durchn\u00e4sst von den Tr\u00e4nen dass sie uns begleite durch Tage und Monde dass sie uns verwandle zu sonnigen Menschen klaus.heidegger, Beim Sonnenaufgang am Hochmahdkopf, 1.7.2020 &nbsp;<\/p>\n","protected":false},"author":1,"featured_media":5293,"comment_status":"closed","ping_status":"open","sticky":false,"template":"","format":"standard","meta":[],"categories":[492],"tags":[],"_links":{"self":[{"href":"http:\/\/www.klaus-heidegger.at\/index.php?rest_route=\/wp\/v2\/posts\/5292"}],"collection":[{"href":"http:\/\/www.klaus-heidegger.at\/index.php?rest_route=\/wp\/v2\/posts"}],"about":[{"href":"http:\/\/www.klaus-heidegger.at\/index.php?rest_route=\/wp\/v2\/types\/post"}],"author":[{"embeddable":true,"href":"http:\/\/www.klaus-heidegger.at\/index.php?rest_route=\/wp\/v2\/users\/1"}],"replies":[{"embeddable":true,"href":"http:\/\/www.klaus-heidegger.at\/index.php?rest_route=%2Fwp%2Fv2%2Fcomments&post=5292"}],"version-history":[{"count":2,"href":"http:\/\/www.klaus-heidegger.at\/index.php?rest_route=\/wp\/v2\/posts\/5292\/revisions"}],"predecessor-version":[{"id":5295,"href":"http:\/\/www.klaus-heidegger.at\/index.php?rest_route=\/wp\/v2\/posts\/5292\/revisions\/5295"}],"wp:featuredmedia":[{"embeddable":true,"href":"http:\/\/www.klaus-heidegger.at\/index.php?rest_route=\/wp\/v2\/media\/5293"}],"wp:attachment":[{"href":"http:\/\/www.klaus-heidegger.at\/index.php?rest_route=%2Fwp%2Fv2%2Fmedia&parent=5292"}],"wp:term":[{"taxonomy":"category","embeddable":true,"href":"http:\/\/www.klaus-heidegger.at\/index.php?rest_route=%2Fwp%2Fv2%2Fcategories&post=5292"},{"taxonomy":"post_tag","embeddable":true,"href":"http:\/\/www.klaus-heidegger.at\/index.php?rest_route=%2Fwp%2Fv2%2Ftags&post=5292"}],"curies":[{"name":"wp","href":"https:\/\/api.w.org\/{rel}","templated":true}]}}