{"id":5441,"date":"2020-08-12T16:00:34","date_gmt":"2020-08-12T16:00:34","guid":{"rendered":"http:\/\/www.klaus-heidegger.at\/?p=5441"},"modified":"2022-08-22T07:38:16","modified_gmt":"2022-08-22T07:38:16","slug":"klein-gross","status":"publish","type":"post","link":"http:\/\/www.klaus-heidegger.at\/?p=5441","title":{"rendered":"klein-gro\u00df"},"content":{"rendered":"<p><img loading=\"lazy\" class=\"alignnone size-full wp-image-5442\" src=\"http:\/\/www.klaus-heidegger.at\/wp-content\/uploads\/2020\/08\/Wildgrat-klein.jpg\" alt=\"\" width=\"1632\" height=\"1224\" srcset=\"http:\/\/www.klaus-heidegger.at\/wp-content\/uploads\/2020\/08\/Wildgrat-klein.jpg 1632w, http:\/\/www.klaus-heidegger.at\/wp-content\/uploads\/2020\/08\/Wildgrat-klein-300x225.jpg 300w, http:\/\/www.klaus-heidegger.at\/wp-content\/uploads\/2020\/08\/Wildgrat-klein-768x576.jpg 768w, http:\/\/www.klaus-heidegger.at\/wp-content\/uploads\/2020\/08\/Wildgrat-klein-1024x768.jpg 1024w\" sizes=\"(max-width: 1632px) 100vw, 1632px\" \/><\/p>\n<p>im Kleinen<br \/>\nim manchmal ganz Kleinen<br \/>\ndas Gro\u00dfe sp\u00fcren<br \/>\nwonach sich sehnt die Seele<\/p>\n<p>das Gro\u00dfe<br \/>\ndas unendlich Gro\u00dfe<br \/>\nmanchmal im Kleinen finden<br \/>\nund erfahren was z\u00e4hlt<\/p>\n<p>klein-gro\u00dfer Gott<br \/>\nganz klein geworden<br \/>\nsehnend nach dem Gro\u00dfen<br \/>\ndankbar f\u00fcr das Kleine des Gro\u00dfen<\/p>\n<p><em>klaus.heidegger, 13.8.2020, Bild: am Wildgrat-Gipfel, Blick Richtung Hochzeiger und Venet<\/em><\/p>\n<p>&nbsp;<\/p>\n","protected":false},"excerpt":{"rendered":"<p><img src='http:\/\/www.klaus-heidegger.at\/wp-content\/uploads\/2020\/08\/Wildgrat-klein.jpg' class='thumbnail' \/>im Kleinen im manchmal ganz Kleinen das Gro\u00dfe sp\u00fcren wonach sich sehnt die Seele das Gro\u00dfe das unendlich Gro\u00dfe manchmal im Kleinen finden und erfahren was z\u00e4hlt klein-gro\u00dfer Gott ganz klein geworden sehnend nach dem Gro\u00dfen dankbar f\u00fcr das Kleine des Gro\u00dfen klaus.heidegger, 13.8.2020, Bild: am Wildgrat-Gipfel, Blick Richtung Hochzeiger und Venet &nbsp;<\/p>\n","protected":false},"author":1,"featured_media":5442,"comment_status":"closed","ping_status":"open","sticky":false,"template":"","format":"standard","meta":[],"categories":[492],"tags":[745],"_links":{"self":[{"href":"http:\/\/www.klaus-heidegger.at\/index.php?rest_route=\/wp\/v2\/posts\/5441"}],"collection":[{"href":"http:\/\/www.klaus-heidegger.at\/index.php?rest_route=\/wp\/v2\/posts"}],"about":[{"href":"http:\/\/www.klaus-heidegger.at\/index.php?rest_route=\/wp\/v2\/types\/post"}],"author":[{"embeddable":true,"href":"http:\/\/www.klaus-heidegger.at\/index.php?rest_route=\/wp\/v2\/users\/1"}],"replies":[{"embeddable":true,"href":"http:\/\/www.klaus-heidegger.at\/index.php?rest_route=%2Fwp%2Fv2%2Fcomments&post=5441"}],"version-history":[{"count":3,"href":"http:\/\/www.klaus-heidegger.at\/index.php?rest_route=\/wp\/v2\/posts\/5441\/revisions"}],"predecessor-version":[{"id":5445,"href":"http:\/\/www.klaus-heidegger.at\/index.php?rest_route=\/wp\/v2\/posts\/5441\/revisions\/5445"}],"wp:featuredmedia":[{"embeddable":true,"href":"http:\/\/www.klaus-heidegger.at\/index.php?rest_route=\/wp\/v2\/media\/5442"}],"wp:attachment":[{"href":"http:\/\/www.klaus-heidegger.at\/index.php?rest_route=%2Fwp%2Fv2%2Fmedia&parent=5441"}],"wp:term":[{"taxonomy":"category","embeddable":true,"href":"http:\/\/www.klaus-heidegger.at\/index.php?rest_route=%2Fwp%2Fv2%2Fcategories&post=5441"},{"taxonomy":"post_tag","embeddable":true,"href":"http:\/\/www.klaus-heidegger.at\/index.php?rest_route=%2Fwp%2Fv2%2Ftags&post=5441"}],"curies":[{"name":"wp","href":"https:\/\/api.w.org\/{rel}","templated":true}]}}