{"id":5449,"date":"2020-08-16T12:40:29","date_gmt":"2020-08-16T12:40:29","guid":{"rendered":"http:\/\/www.klaus-heidegger.at\/?p=5449"},"modified":"2022-08-22T07:38:16","modified_gmt":"2022-08-22T07:38:16","slug":"biblisches-role-model","status":"publish","type":"post","link":"http:\/\/www.klaus-heidegger.at\/?p=5449","title":{"rendered":"biblisches Role Model"},"content":{"rendered":"<p><img loading=\"lazy\" class=\"alignnone size-full wp-image-5450\" src=\"http:\/\/www.klaus-heidegger.at\/wp-content\/uploads\/2020\/08\/s-weg-1-klein.jpg\" alt=\"\" width=\"1632\" height=\"1224\" srcset=\"http:\/\/www.klaus-heidegger.at\/wp-content\/uploads\/2020\/08\/s-weg-1-klein.jpg 1632w, http:\/\/www.klaus-heidegger.at\/wp-content\/uploads\/2020\/08\/s-weg-1-klein-300x225.jpg 300w, http:\/\/www.klaus-heidegger.at\/wp-content\/uploads\/2020\/08\/s-weg-1-klein-768x576.jpg 768w, http:\/\/www.klaus-heidegger.at\/wp-content\/uploads\/2020\/08\/s-weg-1-klein-1024x768.jpg 1024w\" sizes=\"(max-width: 1632px) 100vw, 1632px\" \/>die namenlose Frau<br \/>\nkeine Frau aus dem erw\u00e4hlten Volk<br \/>\nkeine aus der eigenen Gemeinschaft<br \/>\naus einer kulturellen Ordnungsperspektive:<br \/>\nzun\u00e4chst die andere<br \/>\ndie Andersgl\u00e4ubige<br \/>\ndie Ausl\u00e4nderin und Fremde<\/p>\n<p>die namenlose Frau<br \/>\nk\u00e4mpfend f\u00fcr die Rechte von anderen<br \/>\nselbstlos in ihrem Einsatz<br \/>\nwiderst\u00e4ndisch gegen Unrecht<br \/>\nselbst kundig der heiligen Schriften<br \/>\nnicht auf den Mund gefallen<br \/>\naufrecht und gewaltfrei<\/p>\n<p>die namenlosen Frauen mit ihren vielen Namen<br \/>\nwie die Frau aus einer Stadt im heutigen Libanon<br \/>\nsie begegnen uns wie ein roter Faden in der Bibel<br \/>\ndie hebr\u00e4ischen Sklavinnen am Beginn des Exodus<br \/>\nMirjam beim Durchzug durch das Meer<br \/>\nRuth und Noemi solidarisch geeint<br \/>\nMaria von Magdala am Kreuzweg und als Zeugin der Auferstehung<\/p>\n<p>sie begegnen uns in der Geschichte<br \/>\nwie die Suffragetten im Einsatz f\u00fcr Frauenrechte<br \/>\nwie die Frauen der Rosenstra\u00dfe in Berlin<br \/>\nwie die Madres de Plaza de Mayo f\u00fcr ihre verschwundenen M\u00e4nner<br \/>\nwie die russischen Soldatenm\u00fctter gegen die Einberufung ihrer M\u00e4nner<br \/>\nwie Frauen heute gegen das wei\u00dfrussische Regime<br \/>\nwie Malala oder Getra Thunberg<\/p>\n<p>die namenlose Frau aus Tyros und Sidon<br \/>\nsie hat viele Namen<br \/>\nwiderst\u00e4ndisch<br \/>\naufst\u00e4ndisch<br \/>\nseelenstark<br \/>\naufrecht<br \/>\nmutig<\/p>\n<p><em>klaus.heidegger, 16.8.2020<br \/>\n(zum Sonntagsevangelium, Mt 15,21-28)<br \/>\nBild: auf dem Weg zum Similaun, Eis-Fels-Pyramide im Hintergrund, 3614m, 15.8.2020<\/em><\/p>\n<p><strong><em>Matth\u00e4usevangelium: Kapitel 15<\/em><\/strong><\/p>\n<p><em>21Jesus ging danach von dort weg und zog sich ins Gebiet von Tyrus und Sidon zur\u00fcck. 22Und seht, eine kanaan\u00e4ische Frau aus jener Gegend kam herbei und schrie: \u00bbNimm dich meiner an, \u00b0auf dich h\u00f6re ich! Bist du doch \u00b0Nachkomme Davids. Eine schlimme und unheimliche Krankheit hat meine Tochter gepackt.\u00ab 23Jesus antwortete ihr mit keinem Wort. Seine J\u00fcngerinnen und J\u00fcnger kamen dazu und baten ihn: \u00bbBefreie sie davon, denn sie schreit hinter uns her.\u00ab 24Er widersprach: \u00bbIch bin nur zu den verlorenen Schafen aus dem Hause Israel gesandt.\u00ab 25Sie aber kam, fiel vor ihm nieder und sagte: \u00bbIch h\u00f6re auf dich, hilf mir.\u00ab 26Er antwortete: \u00bbEs ist nicht gut, den Kindern das Brot zu nehmen und es den Hunden hinzuwerfen.\u00ab 27Und sie entgegnete: \u00bbJa, doch ich geh\u00f6re dir und die Hunde fressen von den Kr\u00fcmeln, die vom Tisch der Menschen fallen, denen sie geh\u00f6ren.\u00ab 28Da antwortete Jesus und sagte zu ihr: \u00bbFrau, dein Vertrauen ist gro\u00df. Es geschehe dir, wie du willst.\u00ab Und ihre Tochter war von diesem Augenblick an geheilt.<\/em><\/p>\n","protected":false},"excerpt":{"rendered":"<p><img src='http:\/\/www.klaus-heidegger.at\/wp-content\/uploads\/2020\/08\/s-weg-1-klein.jpg' class='thumbnail' \/>die namenlose Frau keine Frau aus dem erw\u00e4hlten Volk keine aus der eigenen Gemeinschaft aus einer kulturellen Ordnungsperspektive: zun\u00e4chst die andere die Andersgl\u00e4ubige die Ausl\u00e4nderin und Fremde die namenlose Frau k\u00e4mpfend f\u00fcr die Rechte von anderen selbstlos in ihrem Einsatz widerst\u00e4ndisch gegen Unrecht selbst kundig der heiligen Schriften nicht auf den Mund gefallen aufrecht und&#8230;<\/p>\n","protected":false},"author":1,"featured_media":5450,"comment_status":"closed","ping_status":"open","sticky":false,"template":"","format":"standard","meta":[],"categories":[183],"tags":[748,747,746],"_links":{"self":[{"href":"http:\/\/www.klaus-heidegger.at\/index.php?rest_route=\/wp\/v2\/posts\/5449"}],"collection":[{"href":"http:\/\/www.klaus-heidegger.at\/index.php?rest_route=\/wp\/v2\/posts"}],"about":[{"href":"http:\/\/www.klaus-heidegger.at\/index.php?rest_route=\/wp\/v2\/types\/post"}],"author":[{"embeddable":true,"href":"http:\/\/www.klaus-heidegger.at\/index.php?rest_route=\/wp\/v2\/users\/1"}],"replies":[{"embeddable":true,"href":"http:\/\/www.klaus-heidegger.at\/index.php?rest_route=%2Fwp%2Fv2%2Fcomments&post=5449"}],"version-history":[{"count":1,"href":"http:\/\/www.klaus-heidegger.at\/index.php?rest_route=\/wp\/v2\/posts\/5449\/revisions"}],"predecessor-version":[{"id":5451,"href":"http:\/\/www.klaus-heidegger.at\/index.php?rest_route=\/wp\/v2\/posts\/5449\/revisions\/5451"}],"wp:featuredmedia":[{"embeddable":true,"href":"http:\/\/www.klaus-heidegger.at\/index.php?rest_route=\/wp\/v2\/media\/5450"}],"wp:attachment":[{"href":"http:\/\/www.klaus-heidegger.at\/index.php?rest_route=%2Fwp%2Fv2%2Fmedia&parent=5449"}],"wp:term":[{"taxonomy":"category","embeddable":true,"href":"http:\/\/www.klaus-heidegger.at\/index.php?rest_route=%2Fwp%2Fv2%2Fcategories&post=5449"},{"taxonomy":"post_tag","embeddable":true,"href":"http:\/\/www.klaus-heidegger.at\/index.php?rest_route=%2Fwp%2Fv2%2Ftags&post=5449"}],"curies":[{"name":"wp","href":"https:\/\/api.w.org\/{rel}","templated":true}]}}