{"id":7438,"date":"2022-04-25T19:43:07","date_gmt":"2022-04-25T19:43:07","guid":{"rendered":"http:\/\/www.klaus-heidegger.at\/?p=7438"},"modified":"2022-08-22T07:37:34","modified_gmt":"2022-08-22T07:37:34","slug":"der-apostel-thomas-und-seine-sehnsucht-nach-auferstehungserfahrung","status":"publish","type":"post","link":"http:\/\/www.klaus-heidegger.at\/?p=7438","title":{"rendered":"Der Apostel Thomas und seine Sehnsucht nach Auferstehungserfahrung"},"content":{"rendered":"<p><img loading=\"lazy\" class=\"alignnone size-full wp-image-7439\" src=\"http:\/\/www.klaus-heidegger.at\/wp-content\/uploads\/2022\/04\/hs-0.jpg\" alt=\"\" width=\"3456\" height=\"4608\" srcset=\"http:\/\/www.klaus-heidegger.at\/wp-content\/uploads\/2022\/04\/hs-0.jpg 3456w, http:\/\/www.klaus-heidegger.at\/wp-content\/uploads\/2022\/04\/hs-0-225x300.jpg 225w, http:\/\/www.klaus-heidegger.at\/wp-content\/uploads\/2022\/04\/hs-0-768x1024.jpg 768w\" sizes=\"(max-width: 3456px) 100vw, 3456px\" \/>konfrontiert mit dem Dunkel<br \/>\n\u00e4ngstlich am Abend<br \/>\nam Beginn einer Nacht<br \/>\nmit Blick auf die Wunden der Seele<br \/>\nmit Blick in unsichere Zukunft<br \/>\nan den zweifelnahen Thomas denken<\/p>\n<p>den Vertr\u00f6stungen nicht glaubend<br \/>\nden Ablenkungsversuchen widerstehend<br \/>\ndie verschlossenen T\u00fcren \u00f6ffnend<br \/>\nden Tr\u00e4umen trotz allem folgend<br \/>\nwie Thomas Auferstehung ersp\u00fcren<br \/>\nsie ist viel mehr als frommes Gerede<\/p>\n<p>dankbar den Worten des Auferstandenen<br \/>\nseinem einf\u00fchlsamen Nachfragen<br \/>\nseinem vorwurfsfreien Begegnen<br \/>\nseinem Zulassen von Ber\u00fchrung<br \/>\nso keimt die Hoffnung auf<br \/>\nso geschieht Auferstehung<\/p>\n<p>klaus.heidegger, 25. April 2022<br \/>\n(zu Johannes 20,24-29)<\/p>\n","protected":false},"excerpt":{"rendered":"<p><img src='http:\/\/www.klaus-heidegger.at\/wp-content\/uploads\/2022\/04\/hs-0.jpg' class='thumbnail' \/>konfrontiert mit dem Dunkel \u00e4ngstlich am Abend am Beginn einer Nacht mit Blick auf die Wunden der Seele mit Blick in unsichere Zukunft an den zweifelnahen Thomas denken den Vertr\u00f6stungen nicht glaubend den Ablenkungsversuchen widerstehend die verschlossenen T\u00fcren \u00f6ffnend den Tr\u00e4umen trotz allem folgend wie Thomas Auferstehung ersp\u00fcren sie ist viel mehr als frommes Gerede&#8230;<\/p>\n","protected":false},"author":1,"featured_media":7439,"comment_status":"closed","ping_status":"open","sticky":false,"template":"","format":"standard","meta":[],"categories":[183],"tags":[903,211],"_links":{"self":[{"href":"http:\/\/www.klaus-heidegger.at\/index.php?rest_route=\/wp\/v2\/posts\/7438"}],"collection":[{"href":"http:\/\/www.klaus-heidegger.at\/index.php?rest_route=\/wp\/v2\/posts"}],"about":[{"href":"http:\/\/www.klaus-heidegger.at\/index.php?rest_route=\/wp\/v2\/types\/post"}],"author":[{"embeddable":true,"href":"http:\/\/www.klaus-heidegger.at\/index.php?rest_route=\/wp\/v2\/users\/1"}],"replies":[{"embeddable":true,"href":"http:\/\/www.klaus-heidegger.at\/index.php?rest_route=%2Fwp%2Fv2%2Fcomments&post=7438"}],"version-history":[{"count":2,"href":"http:\/\/www.klaus-heidegger.at\/index.php?rest_route=\/wp\/v2\/posts\/7438\/revisions"}],"predecessor-version":[{"id":7441,"href":"http:\/\/www.klaus-heidegger.at\/index.php?rest_route=\/wp\/v2\/posts\/7438\/revisions\/7441"}],"wp:featuredmedia":[{"embeddable":true,"href":"http:\/\/www.klaus-heidegger.at\/index.php?rest_route=\/wp\/v2\/media\/7439"}],"wp:attachment":[{"href":"http:\/\/www.klaus-heidegger.at\/index.php?rest_route=%2Fwp%2Fv2%2Fmedia&parent=7438"}],"wp:term":[{"taxonomy":"category","embeddable":true,"href":"http:\/\/www.klaus-heidegger.at\/index.php?rest_route=%2Fwp%2Fv2%2Fcategories&post=7438"},{"taxonomy":"post_tag","embeddable":true,"href":"http:\/\/www.klaus-heidegger.at\/index.php?rest_route=%2Fwp%2Fv2%2Ftags&post=7438"}],"curies":[{"name":"wp","href":"https:\/\/api.w.org\/{rel}","templated":true}]}}