{"id":7490,"date":"2022-05-12T06:55:12","date_gmt":"2022-05-12T06:55:12","guid":{"rendered":"http:\/\/www.klaus-heidegger.at\/?p=7490"},"modified":"2022-08-22T07:37:34","modified_gmt":"2022-08-22T07:37:34","slug":"klettersteig-reintalersee","status":"publish","type":"post","link":"http:\/\/www.klaus-heidegger.at\/?p=7490","title":{"rendered":"Klettersteig Reintalersee"},"content":{"rendered":"<p><img loading=\"lazy\" class=\"alignnone size-full wp-image-7492\" src=\"http:\/\/www.klaus-heidegger.at\/wp-content\/uploads\/2022\/05\/rein-2.jpg\" alt=\"\" width=\"4608\" height=\"3456\" srcset=\"http:\/\/www.klaus-heidegger.at\/wp-content\/uploads\/2022\/05\/rein-2.jpg 4608w, http:\/\/www.klaus-heidegger.at\/wp-content\/uploads\/2022\/05\/rein-2-300x225.jpg 300w, http:\/\/www.klaus-heidegger.at\/wp-content\/uploads\/2022\/05\/rein-2-768x576.jpg 768w, http:\/\/www.klaus-heidegger.at\/wp-content\/uploads\/2022\/05\/rein-2-1024x768.jpg 1024w\" sizes=\"(max-width: 4608px) 100vw, 4608px\" \/>Nur wenige Minuten dauert der Aufstieg zum Einstieg. Abends nach einem langen Schultag Mitte Mai sind in der untergehenden Sonne die Felder, Wiesen und W\u00e4lder im Inntal nach einigen Tagen des Regens in den sch\u00f6nsten und kr\u00e4ftigsten Gr\u00fcnt\u00f6nen. Um diese Zeit sind keine anderen Kletter:innen unterwegs und die letzten Sonnenbadenden vom Reintalersee sind abgezogen. 165 H\u00f6henmeter sind es bis zum Einstieg. Es tut wieder gut, Fels zu sp\u00fcren, sich zu sp\u00fcren, mit den k\u00f6rperlichen und seelischen Schwerkr\u00e4ften zu spielen. Die Griffe und Tritte am Fels sind abgespeckt und selbst das Stahlseil f\u00fchlt sich rutschig an. Kletterschuhe w\u00e4ren von Vorteil, um mehr auf Reibung steigen zu k\u00f6nnen. Die Gesamtl\u00e4nge der Kletterroute betr\u00e4gt 250 Meter. Trittb\u00fcgel sind nur an wenigen Stellen angebracht. Die gesamte Route wechselt zwischen A-, B-, C- und D-Stellen ab, wobei letztere gut kletterbar sind. Die Sportklettervariante E, die einmal abbiegt, werde ich vielleicht ein andermal probieren. In dieser Saison ist es mein erstes Klettersteigerlebnis. Viel zu schnell, knapp eine Stunde nach dem Losgehen vom Parkplatz, ist der Ausstieg erreicht. Immer wieder blicke ich hinunter zum t\u00fcrkis-gr\u00fcnen Reintalersee und Krummsee mit ihren fantastischen Farben, hin\u00fcber nach Rattenberg, wo die H\u00e4userfront der Altstadt in der Abendsonne \u00fcber dem Inn leuchtet und dann weit hinein in die noch schneebedeckte Bergwelt des Alpbach- und Zillertales. In all dem erlebe ich mich als Wesen, das anderen ein St\u00fcck des Himmels schenken m\u00f6chte und sich selbst danach sehnt. In meinem Kopf reimen sich Gedanken zum Gedicht. In den abendlichen Blumenwiesen zirpen die Grillen und \u00fcbert\u00f6nen selbst das Dr\u00f6hnen der Motorr\u00e4der auf der Landesstra\u00dfe, die das Tal mit ihrem L\u00e4rm \u00fcberziehen. Am Stra\u00dfenrand zur\u00fcck zum Einstieg liegt eine achtlos weggeworfene Bierdose. Schnitt. Zur\u00fcck in der anderen Wirklichkeit, die schwer zu ertragen ist \u2013 g\u00e4be es nicht Orte und Menschen, um ein St\u00fcck des Himmels zu f\u00fchlen.<\/p>\n<p><strong>Gef\u00fchltes Leben<\/strong><\/p>\n<p>Leben ist mehr als ein Schwarz-Wei\u00df<br \/>\nGr\u00fcn ist mehr als ein Gr\u00fcn<br \/>\nlebe in der F\u00fclle von himmlischen Farben<br \/>\nm\u00f6ge bunt das Leben sein<\/p>\n<p>Leben ist mehr als ein Spaziergang<br \/>\nWege zwischen Himmel und Erde<br \/>\nlebe in der F\u00fclle von irdischen Wegen<br \/>\nm\u00f6gen himmlische Wesen uns begleiten<\/p>\n<p>Leben ist mehr als ein Ton<br \/>\nviele T\u00f6ne werden zum Lied<br \/>\nlebe im Klang von himmlischen Stimmen<br \/>\nm\u00f6ge gesungen und getanzt werden<\/p>\n<p>Leben ist mehr als Einsamkeit<br \/>\nbunte Begegnungen begleiten<br \/>\nlebe in dieser F\u00fclle an Farben, Wegen und T\u00f6nen<br \/>\nm\u00f6ge so das Leben gelingen<\/p>\n<p>12. Mai 2022<br \/>\n(ins Wandbuch des Lebens geschrieben)<\/p>\n<p>Klaus Heidegger<\/p>\n","protected":false},"excerpt":{"rendered":"<p><img src='http:\/\/www.klaus-heidegger.at\/wp-content\/uploads\/2022\/05\/rein-2.jpg' class='thumbnail' \/>Nur wenige Minuten dauert der Aufstieg zum Einstieg. Abends nach einem langen Schultag Mitte Mai sind in der untergehenden Sonne die Felder, Wiesen und W\u00e4lder im Inntal nach einigen Tagen des Regens in den sch\u00f6nsten und kr\u00e4ftigsten Gr\u00fcnt\u00f6nen. Um diese Zeit sind keine anderen Kletter:innen unterwegs und die letzten Sonnenbadenden vom Reintalersee sind abgezogen. 165&#8230;<\/p>\n","protected":false},"author":1,"featured_media":7492,"comment_status":"closed","ping_status":"open","sticky":false,"template":"","format":"standard","meta":[],"categories":[1],"tags":[978,1176],"_links":{"self":[{"href":"http:\/\/www.klaus-heidegger.at\/index.php?rest_route=\/wp\/v2\/posts\/7490"}],"collection":[{"href":"http:\/\/www.klaus-heidegger.at\/index.php?rest_route=\/wp\/v2\/posts"}],"about":[{"href":"http:\/\/www.klaus-heidegger.at\/index.php?rest_route=\/wp\/v2\/types\/post"}],"author":[{"embeddable":true,"href":"http:\/\/www.klaus-heidegger.at\/index.php?rest_route=\/wp\/v2\/users\/1"}],"replies":[{"embeddable":true,"href":"http:\/\/www.klaus-heidegger.at\/index.php?rest_route=%2Fwp%2Fv2%2Fcomments&post=7490"}],"version-history":[{"count":2,"href":"http:\/\/www.klaus-heidegger.at\/index.php?rest_route=\/wp\/v2\/posts\/7490\/revisions"}],"predecessor-version":[{"id":7494,"href":"http:\/\/www.klaus-heidegger.at\/index.php?rest_route=\/wp\/v2\/posts\/7490\/revisions\/7494"}],"wp:featuredmedia":[{"embeddable":true,"href":"http:\/\/www.klaus-heidegger.at\/index.php?rest_route=\/wp\/v2\/media\/7492"}],"wp:attachment":[{"href":"http:\/\/www.klaus-heidegger.at\/index.php?rest_route=%2Fwp%2Fv2%2Fmedia&parent=7490"}],"wp:term":[{"taxonomy":"category","embeddable":true,"href":"http:\/\/www.klaus-heidegger.at\/index.php?rest_route=%2Fwp%2Fv2%2Fcategories&post=7490"},{"taxonomy":"post_tag","embeddable":true,"href":"http:\/\/www.klaus-heidegger.at\/index.php?rest_route=%2Fwp%2Fv2%2Ftags&post=7490"}],"curies":[{"name":"wp","href":"https:\/\/api.w.org\/{rel}","templated":true}]}}