{"id":7538,"date":"2022-05-25T04:42:57","date_gmt":"2022-05-25T04:42:57","guid":{"rendered":"http:\/\/www.klaus-heidegger.at\/?p=7538"},"modified":"2022-08-22T07:37:33","modified_gmt":"2022-08-22T07:37:33","slug":"gedicht-ueber-himmel-erde","status":"publish","type":"post","link":"http:\/\/www.klaus-heidegger.at\/?p=7538","title":{"rendered":"Gedicht \u00fcber Himmel-Erde"},"content":{"rendered":"<div class=\"kvgmc6g5 cxmmr5t8 oygrvhab hcukyx3x c1et5uql ii04i59q\">\n<p dir=\"auto\"><img loading=\"lazy\" class=\"alignnone size-full wp-image-7539\" src=\"http:\/\/www.klaus-heidegger.at\/wp-content\/uploads\/2022\/05\/Himmel-hochmahd-klein.jpg\" alt=\"\" width=\"1632\" height=\"1224\" srcset=\"http:\/\/www.klaus-heidegger.at\/wp-content\/uploads\/2022\/05\/Himmel-hochmahd-klein.jpg 1632w, http:\/\/www.klaus-heidegger.at\/wp-content\/uploads\/2022\/05\/Himmel-hochmahd-klein-300x225.jpg 300w, http:\/\/www.klaus-heidegger.at\/wp-content\/uploads\/2022\/05\/Himmel-hochmahd-klein-768x576.jpg 768w, http:\/\/www.klaus-heidegger.at\/wp-content\/uploads\/2022\/05\/Himmel-hochmahd-klein-1024x768.jpg 1024w\" sizes=\"(max-width: 1632px) 100vw, 1632px\" \/><em>wo die Erde den Himmel ber\u00fchrt<\/em><br \/>\n<em>wo der Himmel die Erde ber\u00fchrt<\/em><br \/>\n<em>da finde ich dich<\/em><\/p>\n<div dir=\"auto\">\n<p><em>wo der Augenblick die Ewigkeit enth\u00e4lt<\/em><br \/>\n<em>wo die Ewigkeit im Augenblick liegt<\/em><br \/>\n<em>da erlebe ich dich<\/em><\/p>\n<p><em>wo die Zukunft im Heute aufscheint<\/em><br \/>\n<em>wo im Heute die Zukunft lebt<\/em><br \/>\n<em>da bin ich ganz<\/em><\/p>\n<p><em>wo das Erlebte mir von Gott* erz\u00e4hlt<\/em><br \/>\n<em>wo Gott* im Erlebten erz\u00e4hlbar wird<\/em><br \/>\n<em>da bist du mir nahe<\/em><\/p>\n<p>\u2026<\/p>\n<p>klaus.heidegger, 24. 5. 2022\u2026<\/p>\n<\/div>\n<\/div>\n","protected":false},"excerpt":{"rendered":"<p><img src='http:\/\/www.klaus-heidegger.at\/wp-content\/uploads\/2022\/05\/Himmel-hochmahd-klein.jpg' class='thumbnail' \/>wo die Erde den Himmel ber\u00fchrt wo der Himmel die Erde ber\u00fchrt da finde ich dich wo der Augenblick die Ewigkeit enth\u00e4lt wo die Ewigkeit im Augenblick liegt da erlebe ich dich wo die Zukunft im Heute aufscheint wo im Heute die Zukunft lebt da bin ich ganz wo das Erlebte mir von Gott* erz\u00e4hlt&#8230;<\/p>\n","protected":false},"author":1,"featured_media":7539,"comment_status":"closed","ping_status":"open","sticky":false,"template":"","format":"standard","meta":[],"categories":[492,183],"tags":[1183,350,1182],"_links":{"self":[{"href":"http:\/\/www.klaus-heidegger.at\/index.php?rest_route=\/wp\/v2\/posts\/7538"}],"collection":[{"href":"http:\/\/www.klaus-heidegger.at\/index.php?rest_route=\/wp\/v2\/posts"}],"about":[{"href":"http:\/\/www.klaus-heidegger.at\/index.php?rest_route=\/wp\/v2\/types\/post"}],"author":[{"embeddable":true,"href":"http:\/\/www.klaus-heidegger.at\/index.php?rest_route=\/wp\/v2\/users\/1"}],"replies":[{"embeddable":true,"href":"http:\/\/www.klaus-heidegger.at\/index.php?rest_route=%2Fwp%2Fv2%2Fcomments&post=7538"}],"version-history":[{"count":6,"href":"http:\/\/www.klaus-heidegger.at\/index.php?rest_route=\/wp\/v2\/posts\/7538\/revisions"}],"predecessor-version":[{"id":7545,"href":"http:\/\/www.klaus-heidegger.at\/index.php?rest_route=\/wp\/v2\/posts\/7538\/revisions\/7545"}],"wp:featuredmedia":[{"embeddable":true,"href":"http:\/\/www.klaus-heidegger.at\/index.php?rest_route=\/wp\/v2\/media\/7539"}],"wp:attachment":[{"href":"http:\/\/www.klaus-heidegger.at\/index.php?rest_route=%2Fwp%2Fv2%2Fmedia&parent=7538"}],"wp:term":[{"taxonomy":"category","embeddable":true,"href":"http:\/\/www.klaus-heidegger.at\/index.php?rest_route=%2Fwp%2Fv2%2Fcategories&post=7538"},{"taxonomy":"post_tag","embeddable":true,"href":"http:\/\/www.klaus-heidegger.at\/index.php?rest_route=%2Fwp%2Fv2%2Ftags&post=7538"}],"curies":[{"name":"wp","href":"https:\/\/api.w.org\/{rel}","templated":true}]}}