{"id":7550,"date":"2022-05-25T20:18:20","date_gmt":"2022-05-25T20:18:20","guid":{"rendered":"http:\/\/www.klaus-heidegger.at\/?p=7550"},"modified":"2022-08-22T07:37:33","modified_gmt":"2022-08-22T07:37:33","slug":"packliste-fuer-christi-himmelfahrt","status":"publish","type":"post","link":"http:\/\/www.klaus-heidegger.at\/?p=7550","title":{"rendered":"Packliste f\u00fcr Christi Himmelfahrt!"},"content":{"rendered":"<p><img loading=\"lazy\" class=\"alignnone size-full wp-image-7551\" src=\"http:\/\/www.klaus-heidegger.at\/wp-content\/uploads\/2022\/05\/rein-1-1.jpg\" alt=\"\" width=\"4608\" height=\"3456\" srcset=\"http:\/\/www.klaus-heidegger.at\/wp-content\/uploads\/2022\/05\/rein-1-1.jpg 4608w, http:\/\/www.klaus-heidegger.at\/wp-content\/uploads\/2022\/05\/rein-1-1-300x225.jpg 300w, http:\/\/www.klaus-heidegger.at\/wp-content\/uploads\/2022\/05\/rein-1-1-768x576.jpg 768w, http:\/\/www.klaus-heidegger.at\/wp-content\/uploads\/2022\/05\/rein-1-1-1024x768.jpg 1024w\" sizes=\"(max-width: 4608px) 100vw, 4608px\" \/>ein Berg,<br \/>\ndamit ich nicht im Leeren stehe,<br \/>\nwenn meine F\u00fc\u00dfe suchen Halt<\/p>\n<p>zwei Engel,<br \/>\ndamit ich nicht ins Leere starre,<br \/>\nwenn ich nicht mehr weiterwei\u00df<\/p>\n<p>eine Wolke,<br \/>\ndamit ich nicht ins Leere glaube,<br \/>\nwenn mir Gott nicht fassbar ist<\/p>\n<p>eine Gemeinschaft,<br \/>\ndamit ich nicht ins Leere falle,<br \/>\nwenn ich Welt ver\u00e4ndern will<\/p>\n<p>ein Traum,<br \/>\ndamit ich nicht im Leeren lebe,<br \/>\nweil ich den Himmel hier auf Erden will<\/p>\n<p>klaus.heidegger, zum Fest Christi Himmelfahrt 2022<\/p>\n","protected":false},"excerpt":{"rendered":"<p><img src='http:\/\/www.klaus-heidegger.at\/wp-content\/uploads\/2022\/05\/rein-1-1.jpg' class='thumbnail' \/>ein Berg, damit ich nicht im Leeren stehe, wenn meine F\u00fc\u00dfe suchen Halt zwei Engel, damit ich nicht ins Leere starre, wenn ich nicht mehr weiterwei\u00df eine Wolke, damit ich nicht ins Leere glaube, wenn mir Gott nicht fassbar ist eine Gemeinschaft, damit ich nicht ins Leere falle, wenn ich Welt ver\u00e4ndern will ein Traum,&#8230;<\/p>\n","protected":false},"author":1,"featured_media":7551,"comment_status":"closed","ping_status":"open","sticky":false,"template":"","format":"standard","meta":[],"categories":[492,183],"tags":[],"_links":{"self":[{"href":"http:\/\/www.klaus-heidegger.at\/index.php?rest_route=\/wp\/v2\/posts\/7550"}],"collection":[{"href":"http:\/\/www.klaus-heidegger.at\/index.php?rest_route=\/wp\/v2\/posts"}],"about":[{"href":"http:\/\/www.klaus-heidegger.at\/index.php?rest_route=\/wp\/v2\/types\/post"}],"author":[{"embeddable":true,"href":"http:\/\/www.klaus-heidegger.at\/index.php?rest_route=\/wp\/v2\/users\/1"}],"replies":[{"embeddable":true,"href":"http:\/\/www.klaus-heidegger.at\/index.php?rest_route=%2Fwp%2Fv2%2Fcomments&post=7550"}],"version-history":[{"count":1,"href":"http:\/\/www.klaus-heidegger.at\/index.php?rest_route=\/wp\/v2\/posts\/7550\/revisions"}],"predecessor-version":[{"id":7552,"href":"http:\/\/www.klaus-heidegger.at\/index.php?rest_route=\/wp\/v2\/posts\/7550\/revisions\/7552"}],"wp:featuredmedia":[{"embeddable":true,"href":"http:\/\/www.klaus-heidegger.at\/index.php?rest_route=\/wp\/v2\/media\/7551"}],"wp:attachment":[{"href":"http:\/\/www.klaus-heidegger.at\/index.php?rest_route=%2Fwp%2Fv2%2Fmedia&parent=7550"}],"wp:term":[{"taxonomy":"category","embeddable":true,"href":"http:\/\/www.klaus-heidegger.at\/index.php?rest_route=%2Fwp%2Fv2%2Fcategories&post=7550"},{"taxonomy":"post_tag","embeddable":true,"href":"http:\/\/www.klaus-heidegger.at\/index.php?rest_route=%2Fwp%2Fv2%2Ftags&post=7550"}],"curies":[{"name":"wp","href":"https:\/\/api.w.org\/{rel}","templated":true}]}}