{"id":7560,"date":"2022-05-28T06:03:15","date_gmt":"2022-05-28T06:03:15","guid":{"rendered":"http:\/\/www.klaus-heidegger.at\/?p=7560"},"modified":"2022-08-22T07:37:33","modified_gmt":"2022-08-22T07:37:33","slug":"hauptsaechlich","status":"publish","type":"post","link":"http:\/\/www.klaus-heidegger.at\/?p=7560","title":{"rendered":"haupts\u00e4chlich: Du"},"content":{"rendered":"<p><img loading=\"lazy\" class=\"alignnone size-full wp-image-7562\" src=\"http:\/\/www.klaus-heidegger.at\/wp-content\/uploads\/2022\/05\/wa-8.jpg\" alt=\"\" width=\"4608\" height=\"3456\" srcset=\"http:\/\/www.klaus-heidegger.at\/wp-content\/uploads\/2022\/05\/wa-8.jpg 4608w, http:\/\/www.klaus-heidegger.at\/wp-content\/uploads\/2022\/05\/wa-8-300x225.jpg 300w, http:\/\/www.klaus-heidegger.at\/wp-content\/uploads\/2022\/05\/wa-8-768x576.jpg 768w, http:\/\/www.klaus-heidegger.at\/wp-content\/uploads\/2022\/05\/wa-8-1024x768.jpg 1024w\" sizes=\"(max-width: 4608px) 100vw, 4608px\" \/><\/p>\n<p>ich mag die Bewegung in den Bergen<br \/>\ndas Klettern, Wandern, Skifahren<br \/>\nwas noch viel mehr z\u00e4hlt als alles:<br \/>\nein begleitendes Du auf dem Weg<\/p>\n<p>ich mag die H\u00f6hen und Tiefen<br \/>\ndie steilen Gipfel, Almen, Seen<br \/>\nwas noch viel mehr z\u00e4hlt als alles:<br \/>\nein achtsames Du in den H\u00f6hen und Tiefen des Lebens<\/p>\n<p>ich mag den Aufgang der Sonne \u00fcber den Gipfeln<br \/>\nRegen, Wind und selbst St\u00fcrme<br \/>\nwas noch viel mehr z\u00e4hlt als alles:<br \/>\nein tr\u00f6stendes Du in den Gewittern des Lebens<\/p>\n<p>ich mag die D\u00fcfte der Berge<br \/>\nWaldduft, Wiesenduft, Almenduft<br \/>\nwas noch viel mehr z\u00e4hlt als alles:<br \/>\nein sinnenhaftes Du<\/p>\n<p>ich mag den Ausblick von oben<br \/>\nGipfelblick, Rundumblick, Weitblick<br \/>\nwas noch viel mehr z\u00e4hlt als alles:<br \/>\nein Augenblick von Du<\/p>\n<p>klaus \u2026 28.5.2022<\/p>\n","protected":false},"excerpt":{"rendered":"<p><img src='http:\/\/www.klaus-heidegger.at\/wp-content\/uploads\/2022\/05\/wa-8.jpg' class='thumbnail' \/>ich mag die Bewegung in den Bergen das Klettern, Wandern, Skifahren was noch viel mehr z\u00e4hlt als alles: ein begleitendes Du auf dem Weg ich mag die H\u00f6hen und Tiefen die steilen Gipfel, Almen, Seen was noch viel mehr z\u00e4hlt als alles: ein achtsames Du in den H\u00f6hen und Tiefen des Lebens ich mag den&#8230;<\/p>\n","protected":false},"author":1,"featured_media":7562,"comment_status":"closed","ping_status":"open","sticky":false,"template":"","format":"standard","meta":[],"categories":[1,492],"tags":[1188],"_links":{"self":[{"href":"http:\/\/www.klaus-heidegger.at\/index.php?rest_route=\/wp\/v2\/posts\/7560"}],"collection":[{"href":"http:\/\/www.klaus-heidegger.at\/index.php?rest_route=\/wp\/v2\/posts"}],"about":[{"href":"http:\/\/www.klaus-heidegger.at\/index.php?rest_route=\/wp\/v2\/types\/post"}],"author":[{"embeddable":true,"href":"http:\/\/www.klaus-heidegger.at\/index.php?rest_route=\/wp\/v2\/users\/1"}],"replies":[{"embeddable":true,"href":"http:\/\/www.klaus-heidegger.at\/index.php?rest_route=%2Fwp%2Fv2%2Fcomments&post=7560"}],"version-history":[{"count":3,"href":"http:\/\/www.klaus-heidegger.at\/index.php?rest_route=\/wp\/v2\/posts\/7560\/revisions"}],"predecessor-version":[{"id":7565,"href":"http:\/\/www.klaus-heidegger.at\/index.php?rest_route=\/wp\/v2\/posts\/7560\/revisions\/7565"}],"wp:featuredmedia":[{"embeddable":true,"href":"http:\/\/www.klaus-heidegger.at\/index.php?rest_route=\/wp\/v2\/media\/7562"}],"wp:attachment":[{"href":"http:\/\/www.klaus-heidegger.at\/index.php?rest_route=%2Fwp%2Fv2%2Fmedia&parent=7560"}],"wp:term":[{"taxonomy":"category","embeddable":true,"href":"http:\/\/www.klaus-heidegger.at\/index.php?rest_route=%2Fwp%2Fv2%2Fcategories&post=7560"},{"taxonomy":"post_tag","embeddable":true,"href":"http:\/\/www.klaus-heidegger.at\/index.php?rest_route=%2Fwp%2Fv2%2Ftags&post=7560"}],"curies":[{"name":"wp","href":"https:\/\/api.w.org\/{rel}","templated":true}]}}