{"id":7744,"date":"2022-08-05T16:03:07","date_gmt":"2022-08-05T16:03:07","guid":{"rendered":"http:\/\/www.klaus-heidegger.at\/?p=7744"},"modified":"2022-08-22T07:37:33","modified_gmt":"2022-08-22T07:37:33","slug":"segensgebet-fuer-den-frieden","status":"publish","type":"post","link":"http:\/\/www.klaus-heidegger.at\/?p=7744","title":{"rendered":"Segensgebet f\u00fcr den Frieden"},"content":{"rendered":"<p><img loading=\"lazy\" class=\"alignnone size-full wp-image-7746\" src=\"http:\/\/www.klaus-heidegger.at\/wp-content\/uploads\/2022\/08\/Sonnenauf-1.jpg\" alt=\"\" width=\"4608\" height=\"3456\" srcset=\"http:\/\/www.klaus-heidegger.at\/wp-content\/uploads\/2022\/08\/Sonnenauf-1.jpg 4608w, http:\/\/www.klaus-heidegger.at\/wp-content\/uploads\/2022\/08\/Sonnenauf-1-300x225.jpg 300w, http:\/\/www.klaus-heidegger.at\/wp-content\/uploads\/2022\/08\/Sonnenauf-1-768x576.jpg 768w, http:\/\/www.klaus-heidegger.at\/wp-content\/uploads\/2022\/08\/Sonnenauf-1-1024x768.jpg 1024w\" sizes=\"(max-width: 4608px) 100vw, 4608px\" \/><\/p>\n<p>g\u00f6ttliche Segenskraft<br \/>\nst\u00e4rke unser Bem\u00fchen<br \/>\ndamit wir nicht m\u00fcde werden<br \/>\nin unserem Gebet und Einsatz f\u00fcr den Frieden<\/p>\n<p>g\u00f6ttliche Segenskraft<br \/>\nwecke uns immer wieder auf<br \/>\ndamit wir nicht verzweifeln<br \/>\nangesichts der vielen Kriege in der Welt<\/p>\n<p>g\u00f6ttliche Segenskraft<br \/>\nerf\u00fclle unsere Herzen<br \/>\ndamit wir nie aufgeben<br \/>\nunseren Glauben an die Kraft der Gewaltfreiheit<\/p>\n<p>g\u00f6ttliche Segenskraft<br \/>\nermutige uns immer wieder neu<br \/>\ndamit wir die Hoffnung bewahren<br \/>\nf\u00fcr Vers\u00f6hnung in den vielen Konflikten<\/p>\n<p>g\u00f6ttliche Segenskraft<br \/>\nst\u00e4rke uns in der Liebe<br \/>\ndamit wir durch unser Leben bezeugen<br \/>\nwie die Botschaft des Evangeliums funktioniert<\/p>\n<p><em>(klaus.heidegger, 4. 8.2022, Friedensgebet f\u00fcr die Ukraine, Kirche im Herzen der Stadt,\u00a0Bild: Sonnenaufgang am Watzmannhaus)<\/em><\/p>\n","protected":false},"excerpt":{"rendered":"<p><img src='http:\/\/www.klaus-heidegger.at\/wp-content\/uploads\/2022\/08\/Sonnenauf-1.jpg' class='thumbnail' \/>g\u00f6ttliche Segenskraft st\u00e4rke unser Bem\u00fchen damit wir nicht m\u00fcde werden in unserem Gebet und Einsatz f\u00fcr den Frieden g\u00f6ttliche Segenskraft wecke uns immer wieder auf damit wir nicht verzweifeln angesichts der vielen Kriege in der Welt g\u00f6ttliche Segenskraft erf\u00fclle unsere Herzen damit wir nie aufgeben unseren Glauben an die Kraft der Gewaltfreiheit g\u00f6ttliche Segenskraft ermutige&#8230;<\/p>\n","protected":false},"author":1,"featured_media":7746,"comment_status":"closed","ping_status":"open","sticky":false,"template":"","format":"standard","meta":[],"categories":[182,492],"tags":[1232,764],"_links":{"self":[{"href":"http:\/\/www.klaus-heidegger.at\/index.php?rest_route=\/wp\/v2\/posts\/7744"}],"collection":[{"href":"http:\/\/www.klaus-heidegger.at\/index.php?rest_route=\/wp\/v2\/posts"}],"about":[{"href":"http:\/\/www.klaus-heidegger.at\/index.php?rest_route=\/wp\/v2\/types\/post"}],"author":[{"embeddable":true,"href":"http:\/\/www.klaus-heidegger.at\/index.php?rest_route=\/wp\/v2\/users\/1"}],"replies":[{"embeddable":true,"href":"http:\/\/www.klaus-heidegger.at\/index.php?rest_route=%2Fwp%2Fv2%2Fcomments&post=7744"}],"version-history":[{"count":4,"href":"http:\/\/www.klaus-heidegger.at\/index.php?rest_route=\/wp\/v2\/posts\/7744\/revisions"}],"predecessor-version":[{"id":7750,"href":"http:\/\/www.klaus-heidegger.at\/index.php?rest_route=\/wp\/v2\/posts\/7744\/revisions\/7750"}],"wp:featuredmedia":[{"embeddable":true,"href":"http:\/\/www.klaus-heidegger.at\/index.php?rest_route=\/wp\/v2\/media\/7746"}],"wp:attachment":[{"href":"http:\/\/www.klaus-heidegger.at\/index.php?rest_route=%2Fwp%2Fv2%2Fmedia&parent=7744"}],"wp:term":[{"taxonomy":"category","embeddable":true,"href":"http:\/\/www.klaus-heidegger.at\/index.php?rest_route=%2Fwp%2Fv2%2Fcategories&post=7744"},{"taxonomy":"post_tag","embeddable":true,"href":"http:\/\/www.klaus-heidegger.at\/index.php?rest_route=%2Fwp%2Fv2%2Ftags&post=7744"}],"curies":[{"name":"wp","href":"https:\/\/api.w.org\/{rel}","templated":true}]}}