{"id":8018,"date":"2022-09-23T09:22:03","date_gmt":"2022-09-23T09:22:03","guid":{"rendered":"http:\/\/www.klaus-heidegger.at\/?p=8018"},"modified":"2022-09-25T12:39:26","modified_gmt":"2022-09-25T12:39:26","slug":"karwendel-und-rofandurchquerungen","status":"publish","type":"post","link":"http:\/\/www.klaus-heidegger.at\/?p=8018","title":{"rendered":"Karwendel- und Rofandurchquerungen"},"content":{"rendered":"\n<figure class=\"wp-block-image size-large\"><a href=\"http:\/\/www.klaus-heidegger.at\/wp-content\/uploads\/2022\/09\/20220921_074729-2-scaled.jpg\"><img loading=\"lazy\" width=\"768\" height=\"1024\" src=\"http:\/\/www.klaus-heidegger.at\/wp-content\/uploads\/2022\/09\/20220921_074729-2-768x1024.jpg\" alt=\"\" class=\"wp-image-8039\" srcset=\"http:\/\/www.klaus-heidegger.at\/wp-content\/uploads\/2022\/09\/20220921_074729-2-768x1024.jpg 768w, http:\/\/www.klaus-heidegger.at\/wp-content\/uploads\/2022\/09\/20220921_074729-2-225x300.jpg 225w, http:\/\/www.klaus-heidegger.at\/wp-content\/uploads\/2022\/09\/20220921_074729-2-1152x1536.jpg 1152w, http:\/\/www.klaus-heidegger.at\/wp-content\/uploads\/2022\/09\/20220921_074729-2-1536x2048.jpg 1536w, http:\/\/www.klaus-heidegger.at\/wp-content\/uploads\/2022\/09\/20220921_074729-2-scaled.jpg 1920w\" sizes=\"(max-width: 768px) 100vw, 768px\" \/><\/a><\/figure>\n\n\n\n<p>Wie gewohnt startet meine Bergunternehmung heute wieder mit einer kurzen Fahrt mit dem Zug. Von Innsbruck hinauf nach Scharnitz. Ab der Waldgrenze sind die Berge mit frischem Schnee bedeckt. Bei Seefeld werden die Bergspitzen von der aufgehenden Sonne rot gef\u00e4rbt. Beim Start in Scharnitz ist es winterlich frisch. Ich kenne die kommende Strecke sehr gut. Einmal im Jahr \u2013 meistens im Herbst, nachdem der erste Schnee weiter oben gefallen ist \u2013 mache ich die klassische Karwendeltour. Heute plane ich noch eine Verl\u00e4ngerung hinein in den Rofan und hinunter nach Brixlegg. Ganz einsam geht es das Karwendeltal hinein. Dort, wo tief unten der Karwendelbach durch eine Schlucht rauscht, erwischt mich ein erster Sonnenstrahl. \u201eHallo Sonne!\u201c, sagt mein Herz, und w\u00fcnsche, dass sie auch ins Dunkle dieser Welt scheine. Ich fahre moderat und passiere die erste von vielen Almen, \u00fcber die ich heute fahren werde. Knapp vor dem Karwendelhaus begegnen mir die ersten Menschen, die auf der H\u00fctte schliefen. Weil ich so meditativ fuhr, brauche ich dann bis zum Hochalmsattel knapp l\u00e4nger als die geplanten zwei Stunden. Auf 1800 Hm. Mein h\u00f6chster Punkt heute. Nur ein paar Meter musste ich im Schnee schieben. Das Panorama ist wieder einzigartig. Wie ein Adlerhorst pickt das gro\u00dfe Karwendelhaus an den Felsen hoch \u00fcber dem Karwendeltal. In den Felsw\u00e4nden kann sich dort, wo die Felsw\u00e4nde nicht ohnehin senkrecht sind, der Neuschnee halten. <\/p>\n\n\n\n<figure class=\"wp-block-image size-large\"><a href=\"http:\/\/www.klaus-heidegger.at\/wp-content\/uploads\/2022\/09\/karw-0-1-scaled.jpg\"><img loading=\"lazy\" width=\"768\" height=\"1024\" src=\"http:\/\/www.klaus-heidegger.at\/wp-content\/uploads\/2022\/09\/karw-0-1-768x1024.jpg\" alt=\"\" class=\"wp-image-8040\" srcset=\"http:\/\/www.klaus-heidegger.at\/wp-content\/uploads\/2022\/09\/karw-0-1-768x1024.jpg 768w, http:\/\/www.klaus-heidegger.at\/wp-content\/uploads\/2022\/09\/karw-0-1-225x300.jpg 225w, http:\/\/www.klaus-heidegger.at\/wp-content\/uploads\/2022\/09\/karw-0-1-1152x1536.jpg 1152w, http:\/\/www.klaus-heidegger.at\/wp-content\/uploads\/2022\/09\/karw-0-1-1536x2048.jpg 1536w, http:\/\/www.klaus-heidegger.at\/wp-content\/uploads\/2022\/09\/karw-0-1-scaled.jpg 1920w\" sizes=\"(max-width: 768px) 100vw, 768px\" \/><\/a><\/figure>\n\n\n\n<p>Tiefblau ist der Himmel. Schneewei\u00df die Wolken darin. Ich atme die kalt-frische Berg-Schnee-Karwendelluft ein. Die Trailstrecke hinunter zum Kleinen Ahornboden ist inzwischen weit besser gemacht worden und zum Fahren problemlos. Noch sind die knorrig-dicken Ahornb\u00e4ume nicht im Herbstkleid. M\u00e4chtig b\u00e4umt sich im Norden die Kesselwandspitze auf. Hinten bei der Falkenh\u00fctte sind die Riesenw\u00e4nde der Laliderer. Einsam weiter hinaus durch das Johannestal Richtung Hinterri\u00df und dann wieder Richtung Eng. Es wird Mittag, als ich vom Gro\u00dfen Ahornboden aus den Anstieg hinauf zur Plumsjochh\u00fctte beginne. 650 H\u00f6henmeter sind es bis auf 1650 Hm. Die Sonne w\u00e4rmt etwas, ohne dass es wirklich warm wird. Kuhherden sind auf den Almweiden. Nur einmal werde ich von zwei E-Mtb-Fahrern \u00fcberholt. Am zweiten Joch nun der Blick hin\u00fcber zur Seekarspitze und Seebergspitze \u2013 zwei Gipfel hoch \u00fcber dem Achensee, auf dem ich noch vor wenigen Wochen stand. Der Herbst bietet mir immer Gelegenheit zur\u00fcck zu blicken auf die Bergtouren des vergangenen Sommers. <\/p>\n\n\n\n<figure class=\"wp-block-image size-large\"><a href=\"http:\/\/www.klaus-heidegger.at\/wp-content\/uploads\/2022\/09\/karw-17-scaled.jpg\"><img loading=\"lazy\" width=\"768\" height=\"1024\" src=\"http:\/\/www.klaus-heidegger.at\/wp-content\/uploads\/2022\/09\/karw-17-768x1024.jpg\" alt=\"\" class=\"wp-image-8041\" srcset=\"http:\/\/www.klaus-heidegger.at\/wp-content\/uploads\/2022\/09\/karw-17-768x1024.jpg 768w, http:\/\/www.klaus-heidegger.at\/wp-content\/uploads\/2022\/09\/karw-17-225x300.jpg 225w, http:\/\/www.klaus-heidegger.at\/wp-content\/uploads\/2022\/09\/karw-17-1152x1536.jpg 1152w, http:\/\/www.klaus-heidegger.at\/wp-content\/uploads\/2022\/09\/karw-17-1536x2048.jpg 1536w, http:\/\/www.klaus-heidegger.at\/wp-content\/uploads\/2022\/09\/karw-17-scaled.jpg 1920w\" sizes=\"(max-width: 768px) 100vw, 768px\" \/><\/a><\/figure>\n\n\n\n<p>Die Fahrt hinunter ins Falzthurntal ist stellenweise so steil, dass ich zwei Mal absteige und liebe schiebe. Vorbei am Gasthaus und hinaus nach Pertisau. Nun bin ich wieder in dem, was als Zivilisation bezeichnet wird. Der Achensee als Hot-Spot des Tourismus. An seinem West-S\u00fcd-Ostufer fahre ich entlang, mein Blick meist auf das tief-gr\u00fcne Wasser zu meiner Linken. Achenkirch. St\u00e4rkung mit zwei Kasweckerl und es beginnt der letzte gr\u00f6\u00dfere Anstieg f\u00fcr heute. Es wird wieder sehr sehr einsam.&nbsp; H\u00e4tte ich einen Unfall, w\u00fcrde mich niemand finden in dieser verlassenen Berglandschaft zwischen K\u00f6glam und Steinberg im Rofan, dort, wo nur mehr W\u00e4lder, Schluchten, wei\u00dfgezuckerte Bergketten und Almen sind. Von Steinberg schlie\u00dflich&nbsp; Richtung Kaiserhaus und dann \u00fcber Aschau \u2013 noch einmal einen 160 Hm-Anstieg \u2013 der Brandenberger Ache entlang nach Brixlegg. Zwischen Wattens und Innsbruck ist Schienenersatzverkehr und ich habe die \u00fcberraschende Gelegenheit, das heutige Kilometerkonto noch zu erh\u00f6hen. 3490 H\u00f6henmeter und 130 Kilometer zeigt mir der Radcomputer. Unmessbar ist die F\u00fclle an Natur, am Erlebnis von H\u00f6hen und Tiefen, an Ger\u00fcchen, an Gedanken und Gef\u00fchlen.<\/p>\n\n\n\n<figure class=\"wp-block-image size-large\"><a href=\"http:\/\/www.klaus-heidegger.at\/wp-content\/uploads\/2022\/09\/karw-24-scaled.jpg\"><img loading=\"lazy\" width=\"1024\" height=\"768\" src=\"http:\/\/www.klaus-heidegger.at\/wp-content\/uploads\/2022\/09\/karw-24-1024x768.jpg\" alt=\"\" class=\"wp-image-8042\" srcset=\"http:\/\/www.klaus-heidegger.at\/wp-content\/uploads\/2022\/09\/karw-24-1024x768.jpg 1024w, http:\/\/www.klaus-heidegger.at\/wp-content\/uploads\/2022\/09\/karw-24-300x225.jpg 300w, http:\/\/www.klaus-heidegger.at\/wp-content\/uploads\/2022\/09\/karw-24-768x576.jpg 768w, http:\/\/www.klaus-heidegger.at\/wp-content\/uploads\/2022\/09\/karw-24-1536x1152.jpg 1536w, http:\/\/www.klaus-heidegger.at\/wp-content\/uploads\/2022\/09\/karw-24-2048x1536.jpg 2048w\" sizes=\"(max-width: 1024px) 100vw, 1024px\" \/><\/a><\/figure>\n","protected":false},"excerpt":{"rendered":"<p><img src='http:\/\/www.klaus-heidegger.at\/wp-content\/uploads\/2022\/09\/20220921_074729-2-768x1024.jpg' class='thumbnail' \/>Wie gewohnt startet meine Bergunternehmung heute wieder mit einer kurzen Fahrt mit dem Zug. Von Innsbruck hinauf nach Scharnitz. Ab der Waldgrenze sind die Berge mit frischem Schnee bedeckt. Bei Seefeld werden die Bergspitzen von der aufgehenden Sonne rot gef\u00e4rbt. Beim Start in Scharnitz ist es winterlich frisch. Ich kenne die kommende Strecke sehr gut&#8230;.<\/p>\n","protected":false},"author":1,"featured_media":8038,"comment_status":"open","ping_status":"open","sticky":false,"template":"","format":"standard","meta":[],"categories":[1],"tags":[1262,1298,1041,1043,1297,982],"_links":{"self":[{"href":"http:\/\/www.klaus-heidegger.at\/index.php?rest_route=\/wp\/v2\/posts\/8018"}],"collection":[{"href":"http:\/\/www.klaus-heidegger.at\/index.php?rest_route=\/wp\/v2\/posts"}],"about":[{"href":"http:\/\/www.klaus-heidegger.at\/index.php?rest_route=\/wp\/v2\/types\/post"}],"author":[{"embeddable":true,"href":"http:\/\/www.klaus-heidegger.at\/index.php?rest_route=\/wp\/v2\/users\/1"}],"replies":[{"embeddable":true,"href":"http:\/\/www.klaus-heidegger.at\/index.php?rest_route=%2Fwp%2Fv2%2Fcomments&post=8018"}],"version-history":[{"count":3,"href":"http:\/\/www.klaus-heidegger.at\/index.php?rest_route=\/wp\/v2\/posts\/8018\/revisions"}],"predecessor-version":[{"id":8044,"href":"http:\/\/www.klaus-heidegger.at\/index.php?rest_route=\/wp\/v2\/posts\/8018\/revisions\/8044"}],"wp:featuredmedia":[{"embeddable":true,"href":"http:\/\/www.klaus-heidegger.at\/index.php?rest_route=\/wp\/v2\/media\/8038"}],"wp:attachment":[{"href":"http:\/\/www.klaus-heidegger.at\/index.php?rest_route=%2Fwp%2Fv2%2Fmedia&parent=8018"}],"wp:term":[{"taxonomy":"category","embeddable":true,"href":"http:\/\/www.klaus-heidegger.at\/index.php?rest_route=%2Fwp%2Fv2%2Fcategories&post=8018"},{"taxonomy":"post_tag","embeddable":true,"href":"http:\/\/www.klaus-heidegger.at\/index.php?rest_route=%2Fwp%2Fv2%2Ftags&post=8018"}],"curies":[{"name":"wp","href":"https:\/\/api.w.org\/{rel}","templated":true}]}}