{"id":8056,"date":"2022-09-28T16:36:12","date_gmt":"2022-09-28T16:36:12","guid":{"rendered":"http:\/\/www.klaus-heidegger.at\/?p=8056"},"modified":"2022-09-28T16:38:14","modified_gmt":"2022-09-28T16:38:14","slug":"himmel-erde-shake","status":"publish","type":"post","link":"http:\/\/www.klaus-heidegger.at\/?p=8056","title":{"rendered":"Himmel-Erde-Shake"},"content":{"rendered":"\n<figure class=\"wp-block-image size-large\"><a href=\"http:\/\/www.klaus-heidegger.at\/wp-content\/uploads\/2022\/09\/20220925_115119-2-scaled.jpg\"><img loading=\"lazy\" width=\"768\" height=\"1024\" src=\"http:\/\/www.klaus-heidegger.at\/wp-content\/uploads\/2022\/09\/20220925_115119-2-768x1024.jpg\" alt=\"\" class=\"wp-image-8057\" srcset=\"http:\/\/www.klaus-heidegger.at\/wp-content\/uploads\/2022\/09\/20220925_115119-2-768x1024.jpg 768w, http:\/\/www.klaus-heidegger.at\/wp-content\/uploads\/2022\/09\/20220925_115119-2-225x300.jpg 225w, http:\/\/www.klaus-heidegger.at\/wp-content\/uploads\/2022\/09\/20220925_115119-2-1152x1536.jpg 1152w, http:\/\/www.klaus-heidegger.at\/wp-content\/uploads\/2022\/09\/20220925_115119-2-1536x2048.jpg 1536w, http:\/\/www.klaus-heidegger.at\/wp-content\/uploads\/2022\/09\/20220925_115119-2-scaled.jpg 1921w\" sizes=\"(max-width: 768px) 100vw, 768px\" \/><\/a><\/figure>\n\n\n\n<p>mit tr\u00e4nenvollen Augen<br>die Weite des Himmels sehen<br>im wortlosen Strahlen von Augen<\/p>\n\n\n\n<p>in der Geschw\u00e4tzigkeit von Welt<br>die Weisheit des Himmels erkennen<br>in aufmerksamen Worten<\/p>\n\n\n\n<p>inmitten von irdischen Abwertungen<br>die Unbedingtheit des Himmels erleben<br>in wertsch\u00e4tzender Annahme<\/p>\n\n\n\n<p>in den Begrenzungen des Daseins<br>die Unendlichkeit des Himmels sp\u00fcren<br>in liebender Umarmung<\/p>\n\n\n\n<p class=\"has-text-align-right\">klaus.h., 28.9.2022<\/p>\n\n\n\n<p><strong>Himmlisch-irdische Heimsuchungen<\/strong><\/p>\n\n\n\n<p>Viele Jahre lag das Kloster Heimsuchung Mariens auf meinem Weg zur Schule. Fragte ich jemanden im Umkreis dieser Geb\u00e4ude mit einem Kloster, Kirche und vor allem einem weitl\u00e4ufigen landwirtschaftlichen Areal hinter dicken alten Steinmauern, welche Gemeinschaft sich dahinter verbirgt, so h\u00e4tte ich sicher kaum eine passende Antwort bekommen. Zuletzt lebte nur mehr eine Handvoll altgewordener Schwestern des Ordens von der Heimsuchung Mariens in diesen Geb\u00e4uden. Gesehen habe ich in all den Jahren nie eine Schwester. Der Orden selbst wurde vom heiligen Franz von Sales und der heiligen Johanna Franziska von Chantal Anfang des 17. Jahrhunderts gegr\u00fcndet. Die urspr\u00fcngliche Intention des Ordens lag darin, aus dem Gebet heraus Arme, Kranke und Bed\u00fcrftige daheim aufzusuchen, um sie zu unterst\u00fctzen. Biblische Vorlage ist dabei die Geschichte aus dem Lukasevangelium, wo die schwangere Maria ihre Cousine Elisabeth besucht. Inzwischen sind die Schwestern ausgezogen und das gro\u00dfe kl\u00f6sterliche Anwesen zwischen der Stadt Hall und Absam\/Eichat ist in di\u00f6zesaner Verwaltung und neues Leben ist eingezogen. Der Verein Emmaus hat hier seit zwei Jahren einen optimalen Ort gefunden f\u00fcr das Projekt \u201eSolidarische Landwirtschaft Thurnfeld\u201c. Ein kleiner Teil von einer 9 Hektar gro\u00dfen Fl\u00e4che wird gemeinschaftlich gen\u00fctzt, um dort biologisches Gem\u00fcse anzubauen. Rund 80 Haushalte sind beteiligt, wenn es darum geht, dankbar die Bio-Produkte zu kaufen oder auch selbst f\u00fcr das Wachstum und die Ernte beizutragen. Der Verein Emmaus hat zugleich das Arbeitsspektrum f\u00fcr Menschen erweitert, die nach einer Suchterkrankung den Wiedereinstieg ins Berufsleben schaffen wollen.<\/p>\n\n\n\n<p>In mehrfacher Hinsicht hat die Geschichte des Klosters bis in die Gegenwart hinein mit einer Kunstinstallation zu tun, die seit kurzem am Rande der gro\u00dfen Wiese zu finden ist. Die Spiegelskulptur der Haller K\u00fcnstlerin Eva Schlegel ist so etwas wie eine Vorbotin f\u00fcr das geplante \u201eKulturhaus der Di\u00f6zese\u201c. Die einfache Skulptur ist ein Ger\u00fcst, auf dem waagrecht quadratische Spiegel sowohl den Himmel wie die Erde widerspiegeln. Ich denke an die biblische Heimsuchungsgeschichte, wo in dieser Begegnung zwischen Maria und Elisabeth sich der Himmel inmitten von einer Bedrohungssituation aufleuchtete; ich denke an die Geschichte des Ordens der Salesianerinnen und ihrem Bem\u00fchen, Menschen in irdischen N\u00f6ten heimzusuchen und so ein St\u00fcck Himmel erahnen zu lassen; ich denke an die Bio-Genossenschaftsinitiative heute und den Verein Emmaus \u2013 \u00fcberall bem\u00fchen sich Menschen, dass Erde und Himmel nicht zwei getrennte Wirklichkeiten bleiben m\u00fcssen.<\/p>\n\n\n\n<p>Vorsichtig stelle ich mich auf einen der Spiegel, die am Boden sind. Vorsichtig, weil durch die Widerspiegelungen es scheinbar unbegrenzt in die Tiefe geht. Ich blicke nach oben in den Himmel \u2013 und wieder das gleiche Erleben, als blickte ich in eine Unendlichkeit, die doch von der Erde ihren Ausgangspunkt nimmt und sich nicht wirklich von der Erde wegbewegt. W\u00e4hrend ich so die Wolken auf Erden sehe und die Erde in den Wolken, w\u00e4hrend sich vielfach der Himmel in unendliche Tiefe in die Erde sich gr\u00e4bt und die Erde sich in der unendlichen Weite des Himmels verliert, erfahre ich mich als Wesen, das nach einem Zuhause sich sehnt mit dem Himmel auf Erden und verliere dabei scheinbar den Boden unter den F\u00fc\u00dfen mit Blick in die Tiefen des Himmels.<\/p>\n\n\n\n<p>Klaus Heidegger, 28. 9. 2022<\/p>\n","protected":false},"excerpt":{"rendered":"<p><img src='http:\/\/www.klaus-heidegger.at\/wp-content\/uploads\/2022\/09\/20220925_115119-2-768x1024.jpg' class='thumbnail' \/>mit tr\u00e4nenvollen Augendie Weite des Himmels sehenim wortlosen Strahlen von Augen in der Geschw\u00e4tzigkeit von Weltdie Weisheit des Himmels erkennenin aufmerksamen Worten inmitten von irdischen Abwertungendie Unbedingtheit des Himmels erlebenin wertsch\u00e4tzender Annahme in den Begrenzungen des Daseinsdie Unendlichkeit des Himmels sp\u00fcrenin liebender Umarmung klaus.h., 28.9.2022 Himmlisch-irdische Heimsuchungen Viele Jahre lag das Kloster Heimsuchung Mariens auf&#8230;<\/p>\n","protected":false},"author":1,"featured_media":8057,"comment_status":"open","ping_status":"open","sticky":false,"template":"","format":"standard","meta":[],"categories":[492,183],"tags":[1303,1300,1301,1302],"_links":{"self":[{"href":"http:\/\/www.klaus-heidegger.at\/index.php?rest_route=\/wp\/v2\/posts\/8056"}],"collection":[{"href":"http:\/\/www.klaus-heidegger.at\/index.php?rest_route=\/wp\/v2\/posts"}],"about":[{"href":"http:\/\/www.klaus-heidegger.at\/index.php?rest_route=\/wp\/v2\/types\/post"}],"author":[{"embeddable":true,"href":"http:\/\/www.klaus-heidegger.at\/index.php?rest_route=\/wp\/v2\/users\/1"}],"replies":[{"embeddable":true,"href":"http:\/\/www.klaus-heidegger.at\/index.php?rest_route=%2Fwp%2Fv2%2Fcomments&post=8056"}],"version-history":[{"count":2,"href":"http:\/\/www.klaus-heidegger.at\/index.php?rest_route=\/wp\/v2\/posts\/8056\/revisions"}],"predecessor-version":[{"id":8059,"href":"http:\/\/www.klaus-heidegger.at\/index.php?rest_route=\/wp\/v2\/posts\/8056\/revisions\/8059"}],"wp:featuredmedia":[{"embeddable":true,"href":"http:\/\/www.klaus-heidegger.at\/index.php?rest_route=\/wp\/v2\/media\/8057"}],"wp:attachment":[{"href":"http:\/\/www.klaus-heidegger.at\/index.php?rest_route=%2Fwp%2Fv2%2Fmedia&parent=8056"}],"wp:term":[{"taxonomy":"category","embeddable":true,"href":"http:\/\/www.klaus-heidegger.at\/index.php?rest_route=%2Fwp%2Fv2%2Fcategories&post=8056"},{"taxonomy":"post_tag","embeddable":true,"href":"http:\/\/www.klaus-heidegger.at\/index.php?rest_route=%2Fwp%2Fv2%2Ftags&post=8056"}],"curies":[{"name":"wp","href":"https:\/\/api.w.org\/{rel}","templated":true}]}}