{"id":8151,"date":"2022-10-20T06:41:28","date_gmt":"2022-10-20T06:41:28","guid":{"rendered":"http:\/\/www.klaus-heidegger.at\/?p=8151"},"modified":"2022-10-20T16:44:57","modified_gmt":"2022-10-20T16:44:57","slug":"wesentliches-leben-ueber-ein-spruchplakat-und-eine-tuerklinke-im-herbstlichen-licht","status":"publish","type":"post","link":"http:\/\/www.klaus-heidegger.at\/?p=8151","title":{"rendered":"Wesentliches leben: \u00fcber ein Spruchplakat und eine T\u00fcrklinke im herbstlichen Licht"},"content":{"rendered":"\n<figure class=\"wp-block-image size-large\"><a href=\"http:\/\/www.klaus-heidegger.at\/wp-content\/uploads\/2022\/10\/Tuer-Glueck-scaled.jpg\"><img loading=\"lazy\" width=\"768\" height=\"1024\" src=\"http:\/\/www.klaus-heidegger.at\/wp-content\/uploads\/2022\/10\/Tuer-Glueck-768x1024.jpg\" alt=\"\" class=\"wp-image-8152\" srcset=\"http:\/\/www.klaus-heidegger.at\/wp-content\/uploads\/2022\/10\/Tuer-Glueck-768x1024.jpg 768w, http:\/\/www.klaus-heidegger.at\/wp-content\/uploads\/2022\/10\/Tuer-Glueck-225x300.jpg 225w, http:\/\/www.klaus-heidegger.at\/wp-content\/uploads\/2022\/10\/Tuer-Glueck-1152x1536.jpg 1152w, http:\/\/www.klaus-heidegger.at\/wp-content\/uploads\/2022\/10\/Tuer-Glueck-1536x2048.jpg 1536w, http:\/\/www.klaus-heidegger.at\/wp-content\/uploads\/2022\/10\/Tuer-Glueck-scaled.jpg 1920w\" sizes=\"(max-width: 768px) 100vw, 768px\" \/><\/a><\/figure>\n\n\n\n<p>Im herbstlichen Licht der Sonne, die viel mehr noch als zu anderen Zeiten eines Jahres Farben und Kontraste verst\u00e4rkt, das Helle noch heller und das Dunkle noch dunkler macht, so als wollte sie mir zeigen, wie unglaublich sch\u00f6n und zugleich wie verletzlich die Welt doch ist, im Licht solcher Sonne verweile ich spontan an manchen Orten, w\u00e4hrend die Seele pendelt zwischen Weltschmerz und Dankbarkeit f\u00fcr das Sch\u00f6ne, das mir gnadenhaft geschenkt wird in kostbar seltenen Momenten, ohne dass die Seele zur Ruhe k\u00e4me im pendelnden Sein. Dann sitze ich am Ufer des gr\u00fcnen Flusses, der mir Begleiter ist, w\u00e4hrend warmer Herbstwind Augen trocknet, oder steige vom Rad, um im Augenblick zu verweilen.<\/p>\n\n\n\n<p>Auf einem kaum befahrenen Str\u00e4\u00dfchen zwischen zwei sp\u00e4rlich bewohnten Ortschaften \u2013 fast im Nichts einer ruhelos l\u00e4rmenden Welt \u2013 mache ich Seelenrast vor einer Garagent\u00fcr eines wohl kaum ben\u00fctzten Schuppens und lehne das Rennrad an einen Baum mit rotgelben Bl\u00e4ttern. Zwischen Sonne und Schatten haftet ein blaues Spruchplakat am Holz, an dem Dutzende Klammern mit winzigen Papierrestchen noch Zeugen sind von irgendwelchen anderen Plakaten und Ank\u00fcndigungen, die einst hier angeheftet waren. Silbrige Drahtreste stehen aus dem verwitterten Holz. Meist mag ich die gl\u00fccksverhei\u00dfenden Spr\u00fcche nicht, die obendrein noch mit Imperativen versehen sind. \u201eIM RENNEN NACH GELD ZERRINNT DAS GL\u00dcCK. STREICHE DAS \u00dcBERFL\u00dcSSIGE!\u201c \u2013 so lautet die Botschaft. M\u00fcsste ich daraus einen Spruch kreieren, der f\u00fcr meine Lebenslage stimmte, so schriebe ich ihn im Augenblick des Daseins wohl so: \u201eDas Wesentliche leben.\u201c Ganz ohne Rufzeichen. Ganz ohne die moralischen Untert\u00f6ne. Leben als Angebot und als Gnade. W\u00e4hrend ich \u00fcber die T\u00fcr mit dem Spruchplakat und den verschwundenen anderen Plakaten und ihren Drahtklammerresten sinniere, bleibt mein Blick h\u00e4ngen an der T\u00fcrschnalle, die sich hellgl\u00e4nzend abhebt vom Braun des Holzes im herbstlichen Licht der Sonne und denke an andere T\u00fcren, die geschlossen sind, weil sie weder von innen noch von au\u00dfen ge\u00f6ffnet werden aus Angst vor Verletzungen, aus Resignation, aus vermeintlichem Mangel an Zeit, aus Unachtsamkeit oder weil Schl\u00fcssel daf\u00fcr verloren gegangen sind. Soll ich anklopfen? Soll ich die Klinke in die Hand nehmen \u2013 oder einfach warten? Wartet jemand dahinter, der auf mich wartete, um zu tr\u00f6sten? Ist dahinter ein Sehnsuchtsort ungelebter Tr\u00e4ume? Seelenversunken steige ich wieder auf das Rad und fahre weiter. Das Gedicht von Bertold Brecht \u201eDer Radwechsel\u201c f\u00e4llt mir ein, das mich so oft im Leben schon begleitet hat.<\/p>\n\n\n\n<p>\u201eIch sitze am Stra\u00dfenhang.<br>Der Fahrer wechselt das Rad.<br>Ich bin nicht gern, wo ich herkomme.<br>Ich bin nicht gern, wo ich hinfahre.<br>Warum sehe ich den Radwechsel<br>mit Ungeduld?\u201c<\/p>\n\n\n\n<p>Klaus Heidegger, 20.10.2022<\/p>\n","protected":false},"excerpt":{"rendered":"<p><img src='http:\/\/www.klaus-heidegger.at\/wp-content\/uploads\/2022\/10\/Tuer-Glueck-768x1024.jpg' class='thumbnail' \/>Im herbstlichen Licht der Sonne, die viel mehr noch als zu anderen Zeiten eines Jahres Farben und Kontraste verst\u00e4rkt, das Helle noch heller und das Dunkle noch dunkler macht, so als wollte sie mir zeigen, wie unglaublich sch\u00f6n und zugleich wie verletzlich die Welt doch ist, im Licht solcher Sonne verweile ich spontan an manchen&#8230;<\/p>\n","protected":false},"author":1,"featured_media":8152,"comment_status":"open","ping_status":"open","sticky":false,"template":"","format":"standard","meta":[],"categories":[492],"tags":[879,1333,1039,1332,1331],"_links":{"self":[{"href":"http:\/\/www.klaus-heidegger.at\/index.php?rest_route=\/wp\/v2\/posts\/8151"}],"collection":[{"href":"http:\/\/www.klaus-heidegger.at\/index.php?rest_route=\/wp\/v2\/posts"}],"about":[{"href":"http:\/\/www.klaus-heidegger.at\/index.php?rest_route=\/wp\/v2\/types\/post"}],"author":[{"embeddable":true,"href":"http:\/\/www.klaus-heidegger.at\/index.php?rest_route=\/wp\/v2\/users\/1"}],"replies":[{"embeddable":true,"href":"http:\/\/www.klaus-heidegger.at\/index.php?rest_route=%2Fwp%2Fv2%2Fcomments&post=8151"}],"version-history":[{"count":5,"href":"http:\/\/www.klaus-heidegger.at\/index.php?rest_route=\/wp\/v2\/posts\/8151\/revisions"}],"predecessor-version":[{"id":8158,"href":"http:\/\/www.klaus-heidegger.at\/index.php?rest_route=\/wp\/v2\/posts\/8151\/revisions\/8158"}],"wp:featuredmedia":[{"embeddable":true,"href":"http:\/\/www.klaus-heidegger.at\/index.php?rest_route=\/wp\/v2\/media\/8152"}],"wp:attachment":[{"href":"http:\/\/www.klaus-heidegger.at\/index.php?rest_route=%2Fwp%2Fv2%2Fmedia&parent=8151"}],"wp:term":[{"taxonomy":"category","embeddable":true,"href":"http:\/\/www.klaus-heidegger.at\/index.php?rest_route=%2Fwp%2Fv2%2Fcategories&post=8151"},{"taxonomy":"post_tag","embeddable":true,"href":"http:\/\/www.klaus-heidegger.at\/index.php?rest_route=%2Fwp%2Fv2%2Ftags&post=8151"}],"curies":[{"name":"wp","href":"https:\/\/api.w.org\/{rel}","templated":true}]}}