{"id":8183,"date":"2022-11-04T09:42:37","date_gmt":"2022-11-04T09:42:37","guid":{"rendered":"http:\/\/www.klaus-heidegger.at\/?p=8183"},"modified":"2022-11-04T09:42:37","modified_gmt":"2022-11-04T09:42:37","slug":"sardische-augenblicke","status":"publish","type":"post","link":"http:\/\/www.klaus-heidegger.at\/?p=8183","title":{"rendered":"Sardische Augenblicke"},"content":{"rendered":"\n<p><\/p>\n\n\n\n<figure class=\"wp-block-image size-large\"><a href=\"http:\/\/www.klaus-heidegger.at\/wp-content\/uploads\/2022\/11\/meer-1-scaled.jpg\"><img loading=\"lazy\" width=\"768\" height=\"1024\" src=\"http:\/\/www.klaus-heidegger.at\/wp-content\/uploads\/2022\/11\/meer-1-768x1024.jpg\" alt=\"\" class=\"wp-image-8184\" srcset=\"http:\/\/www.klaus-heidegger.at\/wp-content\/uploads\/2022\/11\/meer-1-768x1024.jpg 768w, http:\/\/www.klaus-heidegger.at\/wp-content\/uploads\/2022\/11\/meer-1-225x300.jpg 225w, http:\/\/www.klaus-heidegger.at\/wp-content\/uploads\/2022\/11\/meer-1-1152x1536.jpg 1152w, http:\/\/www.klaus-heidegger.at\/wp-content\/uploads\/2022\/11\/meer-1-1536x2048.jpg 1536w, http:\/\/www.klaus-heidegger.at\/wp-content\/uploads\/2022\/11\/meer-1-scaled.jpg 1920w\" sizes=\"(max-width: 768px) 100vw, 768px\" \/><\/a><\/figure>\n\n\n\n<p>im glasklaren Wasser<br>t\u00fcrkisgr\u00fcn und tiefblau<br>schneewei\u00dfe Wellenkronen darauf<br>Schw\u00e4rme von Fischen darin<br>ich lasse mich tragen vom Wasser<br>salziges Wasser schmeckt nach Tr\u00e4nen<br>ich tauche hinein in den Augenblick<\/p>\n\n\n\n<p>auf der Klippe an der Steilk\u00fcste<br>hellwei\u00df und ockergelb<br>Winde riechen nach Meer<br>grenzenlos der Blick<br>am Rande der Abgr\u00fcnde<br>ganz so wie die Sehnsucht nach Leben<br>ich atme den Augenblick<\/p>\n\n\n\n<p>durch duftende Macchia<br>gr\u00fcn in allen Schattierungen<br>Str\u00e4ucher riechen nach heilender F\u00fclle<br>Insekten finden ihre Nahrung<br>schwarze K\u00e4fer auf staubigem Weg<br>Eidechsen huschen dar\u00fcber<br>ich sp\u00fcre den Augenblick <\/p>\n\n\n\n<p>klaus heidegger, Sardinien 2022<br><\/p>\n","protected":false},"excerpt":{"rendered":"<p><img src='http:\/\/www.klaus-heidegger.at\/wp-content\/uploads\/2022\/11\/meer-1-768x1024.jpg' class='thumbnail' \/>im glasklaren Wassert\u00fcrkisgr\u00fcn und tiefblauschneewei\u00dfe Wellenkronen daraufSchw\u00e4rme von Fischen darinich lasse mich tragen vom Wassersalziges Wasser schmeckt nach Tr\u00e4nenich tauche hinein in den Augenblick auf der Klippe an der Steilk\u00fcstehellwei\u00df und ockergelbWinde riechen nach Meergrenzenlos der Blickam Rande der Abgr\u00fcndeganz so wie die Sehnsucht nach Lebenich atme den Augenblick durch duftende Macchiagr\u00fcn in allen SchattierungenStr\u00e4ucher&#8230;<\/p>\n","protected":false},"author":1,"featured_media":8184,"comment_status":"open","ping_status":"open","sticky":false,"template":"","format":"standard","meta":[],"categories":[1,492],"tags":[1344,1345,1343,1334],"_links":{"self":[{"href":"http:\/\/www.klaus-heidegger.at\/index.php?rest_route=\/wp\/v2\/posts\/8183"}],"collection":[{"href":"http:\/\/www.klaus-heidegger.at\/index.php?rest_route=\/wp\/v2\/posts"}],"about":[{"href":"http:\/\/www.klaus-heidegger.at\/index.php?rest_route=\/wp\/v2\/types\/post"}],"author":[{"embeddable":true,"href":"http:\/\/www.klaus-heidegger.at\/index.php?rest_route=\/wp\/v2\/users\/1"}],"replies":[{"embeddable":true,"href":"http:\/\/www.klaus-heidegger.at\/index.php?rest_route=%2Fwp%2Fv2%2Fcomments&post=8183"}],"version-history":[{"count":1,"href":"http:\/\/www.klaus-heidegger.at\/index.php?rest_route=\/wp\/v2\/posts\/8183\/revisions"}],"predecessor-version":[{"id":8185,"href":"http:\/\/www.klaus-heidegger.at\/index.php?rest_route=\/wp\/v2\/posts\/8183\/revisions\/8185"}],"wp:featuredmedia":[{"embeddable":true,"href":"http:\/\/www.klaus-heidegger.at\/index.php?rest_route=\/wp\/v2\/media\/8184"}],"wp:attachment":[{"href":"http:\/\/www.klaus-heidegger.at\/index.php?rest_route=%2Fwp%2Fv2%2Fmedia&parent=8183"}],"wp:term":[{"taxonomy":"category","embeddable":true,"href":"http:\/\/www.klaus-heidegger.at\/index.php?rest_route=%2Fwp%2Fv2%2Fcategories&post=8183"},{"taxonomy":"post_tag","embeddable":true,"href":"http:\/\/www.klaus-heidegger.at\/index.php?rest_route=%2Fwp%2Fv2%2Ftags&post=8183"}],"curies":[{"name":"wp","href":"https:\/\/api.w.org\/{rel}","templated":true}]}}