{"id":8207,"date":"2022-11-12T21:52:30","date_gmt":"2022-11-12T21:52:30","guid":{"rendered":"http:\/\/www.klaus-heidegger.at\/?p=8207"},"modified":"2022-11-13T05:21:59","modified_gmt":"2022-11-13T05:21:59","slug":"rennradrund-um-das-kaisergebirge","status":"publish","type":"post","link":"http:\/\/www.klaus-heidegger.at\/?p=8207","title":{"rendered":"Rennradrund um das Kaisergebirge"},"content":{"rendered":"\n<figure class=\"wp-block-image size-large\"><a href=\"http:\/\/www.klaus-heidegger.at\/wp-content\/uploads\/2022\/11\/Kuf-2-scaled.jpg\"><img loading=\"lazy\" width=\"768\" height=\"1024\" src=\"http:\/\/www.klaus-heidegger.at\/wp-content\/uploads\/2022\/11\/Kuf-2-768x1024.jpg\" alt=\"\" class=\"wp-image-8208\" srcset=\"http:\/\/www.klaus-heidegger.at\/wp-content\/uploads\/2022\/11\/Kuf-2-768x1024.jpg 768w, http:\/\/www.klaus-heidegger.at\/wp-content\/uploads\/2022\/11\/Kuf-2-225x300.jpg 225w, http:\/\/www.klaus-heidegger.at\/wp-content\/uploads\/2022\/11\/Kuf-2-1152x1536.jpg 1152w, http:\/\/www.klaus-heidegger.at\/wp-content\/uploads\/2022\/11\/Kuf-2-1536x2048.jpg 1536w, http:\/\/www.klaus-heidegger.at\/wp-content\/uploads\/2022\/11\/Kuf-2-scaled.jpg 1920w\" sizes=\"(max-width: 768px) 100vw, 768px\" \/><\/a><\/figure>\n\n\n\n<p>Sabbatical-Zeit. Aufwachen ohne \u00e4u\u00dfere Verpflichtung. Mit VVT-Ticket und Radmonatskarte, in typischem Herbstwetter mit Morgennebelfeldern und milchig-wei\u00dfem Novembersonnenlicht. Nochmals die Rennradreifen auf 6 bar aufpumpen, nochmals bevor im Winter die Luft in den T\u00e4lern blau-gr\u00e4ulich vom Smog sein wird, nochmals bevor das Salz auf den Stra\u00dfen das Rad und der Staub vom zermahlten Splitt die Lunge angreifen w\u00fcrde. Einen sp\u00e4teren Zug nehmen, um Sch\u00fcler*innen und Pendler*innen auf ihrem Weg in die Schulen oder Arbeitsst\u00e4tten nicht im Wege zu sein. Einfach eine Runde w\u00e4hlen in einem Teil Tirols, der mir weniger vertraut ist, weil daf\u00fcr in Arbeits- und Kinderzeit keine Zeit war. Das besondere Datum 11-11-22 w\u00e4re geeignet f\u00fcr Wesentlicheres als Rennradfahren, f\u00fcr bedeutsamste Worte eingebettet in Umarmung.<\/p>\n\n\n\n<p>Kufstein. M\u00e4chtig thront die mittelalterliche Festung \u00fcber meinem Ausgangspunkt. In der Altstadt ist gesch\u00e4ftiges Treiben. Ruhig flie\u00dft der aufgestaute Inn entlang vom Radweg Richtung Bayern. Schw\u00e4ne schwimmen darin. Steil hinauf geht es zu einem kleinen Kirchlein am Buchberg bei Ebbs. St. Nikolaus wurde es geweiht, Patron der Reisenden. \u201eSie haben die Tour verlassen \u2026\u201c, meint in der Kirche, in der ich verweile, die Navigationsstimme von Komoot, mit der ich die Route etwas plante. Auf schmalen Stra\u00dfen entlang von Wiesen und W\u00e4ldern, durch die die tiefstehende Sonne nicht mehr scheinen kann, geht es zun\u00e4chst zum Walchsee und dann h\u00fcgelig weiter bis zur Bundesstra\u00dfe, die nach St. Johann in Tirol f\u00fchrt. Dort ist es belebter. Immer wieder aber f\u00fchren Radwege hinaus aus dem Trubel von Orten und vor allem weg von den Stra\u00dfen, auf denen dann vor allem im Brixental selbst an diesem Tag der Verkehr tobt. Auf manchen Feldern sind schon die Tafeln von Langlaufrouten montiert. Die Sonne hat keine Kraft mehr, um den Tag zu w\u00e4rmen, kommt nicht mehr \u00fcber die Baumkronen, um in W\u00e4ldern die Stra\u00dfen zu trocknen. Beeindruckend wie immer bin ich vom stolzen Kaisergebirge. Kurz vor W\u00f6rgl sehe ich die blaue Smogglocke \u00fcber dem Inntal und bin zur\u00fcck dort, wo der Massenmensch auf Automobilit\u00e4t setzt, so als st\u00fcnden wir nicht knapp vor dem Kipppunkt in der Weltklimatrag\u00f6die. 90 Kilometer und 1000 H\u00f6henmeter im Kufsteinerland waren es heute f\u00fcr mich. Ganz ohne CO-2 aber mit dem leise-hellen Klang von Glocken der Schafe und Ziegen, die weideten auf den Wiesen entlang der Strecke, vom Geruch von Kuhfladen, die auf den kleinen Stra\u00dfen lagen, von k\u00fchlem Fahrtwind, der mich fr\u00f6steln lie\u00df, und von Sonnenstrahlen, die etwas W\u00e4rme schenkten.<\/p>\n","protected":false},"excerpt":{"rendered":"<p><img src='http:\/\/www.klaus-heidegger.at\/wp-content\/uploads\/2022\/11\/Kuf-2-768x1024.jpg' class='thumbnail' \/>Sabbatical-Zeit. Aufwachen ohne \u00e4u\u00dfere Verpflichtung. Mit VVT-Ticket und Radmonatskarte, in typischem Herbstwetter mit Morgennebelfeldern und milchig-wei\u00dfem Novembersonnenlicht. Nochmals die Rennradreifen auf 6 bar aufpumpen, nochmals bevor im Winter die Luft in den T\u00e4lern blau-gr\u00e4ulich vom Smog sein wird, nochmals bevor das Salz auf den Stra\u00dfen das Rad und der Staub vom zermahlten Splitt die Lunge&#8230;<\/p>\n","protected":false},"author":1,"featured_media":8208,"comment_status":"open","ping_status":"open","sticky":false,"template":"","format":"standard","meta":[],"categories":[1],"tags":[],"_links":{"self":[{"href":"http:\/\/www.klaus-heidegger.at\/index.php?rest_route=\/wp\/v2\/posts\/8207"}],"collection":[{"href":"http:\/\/www.klaus-heidegger.at\/index.php?rest_route=\/wp\/v2\/posts"}],"about":[{"href":"http:\/\/www.klaus-heidegger.at\/index.php?rest_route=\/wp\/v2\/types\/post"}],"author":[{"embeddable":true,"href":"http:\/\/www.klaus-heidegger.at\/index.php?rest_route=\/wp\/v2\/users\/1"}],"replies":[{"embeddable":true,"href":"http:\/\/www.klaus-heidegger.at\/index.php?rest_route=%2Fwp%2Fv2%2Fcomments&post=8207"}],"version-history":[{"count":7,"href":"http:\/\/www.klaus-heidegger.at\/index.php?rest_route=\/wp\/v2\/posts\/8207\/revisions"}],"predecessor-version":[{"id":8217,"href":"http:\/\/www.klaus-heidegger.at\/index.php?rest_route=\/wp\/v2\/posts\/8207\/revisions\/8217"}],"wp:featuredmedia":[{"embeddable":true,"href":"http:\/\/www.klaus-heidegger.at\/index.php?rest_route=\/wp\/v2\/media\/8208"}],"wp:attachment":[{"href":"http:\/\/www.klaus-heidegger.at\/index.php?rest_route=%2Fwp%2Fv2%2Fmedia&parent=8207"}],"wp:term":[{"taxonomy":"category","embeddable":true,"href":"http:\/\/www.klaus-heidegger.at\/index.php?rest_route=%2Fwp%2Fv2%2Fcategories&post=8207"},{"taxonomy":"post_tag","embeddable":true,"href":"http:\/\/www.klaus-heidegger.at\/index.php?rest_route=%2Fwp%2Fv2%2Ftags&post=8207"}],"curies":[{"name":"wp","href":"https:\/\/api.w.org\/{rel}","templated":true}]}}