{"id":8218,"date":"2022-11-13T16:13:52","date_gmt":"2022-11-13T16:13:52","guid":{"rendered":"http:\/\/www.klaus-heidegger.at\/?p=8218"},"modified":"2022-11-13T16:27:25","modified_gmt":"2022-11-13T16:27:25","slug":"von-rueckblicken-und-ausblicken-ins-obere-inntal","status":"publish","type":"post","link":"http:\/\/www.klaus-heidegger.at\/?p=8218","title":{"rendered":"Von R\u00fcckblicken und Ausblicken ins obere Inntal"},"content":{"rendered":"\n<figure class=\"wp-block-image size-large\"><a href=\"http:\/\/www.klaus-heidegger.at\/wp-content\/uploads\/2022\/11\/gw-scaled.jpg\"><img loading=\"lazy\" width=\"768\" height=\"1024\" src=\"http:\/\/www.klaus-heidegger.at\/wp-content\/uploads\/2022\/11\/gw-768x1024.jpg\" alt=\"\" class=\"wp-image-8221\" srcset=\"http:\/\/www.klaus-heidegger.at\/wp-content\/uploads\/2022\/11\/gw-768x1024.jpg 768w, http:\/\/www.klaus-heidegger.at\/wp-content\/uploads\/2022\/11\/gw-225x300.jpg 225w, http:\/\/www.klaus-heidegger.at\/wp-content\/uploads\/2022\/11\/gw-1152x1536.jpg 1152w, http:\/\/www.klaus-heidegger.at\/wp-content\/uploads\/2022\/11\/gw-1536x2048.jpg 1536w, http:\/\/www.klaus-heidegger.at\/wp-content\/uploads\/2022\/11\/gw-scaled.jpg 1920w\" sizes=\"(max-width: 768px) 100vw, 768px\" \/><\/a><\/figure>\n\n\n\n<p><\/p>\n\n\n\n<p>Im Augenblick sein und darin geborgen, den Fels f\u00fchlen, der sich w\u00e4rmt in den herbstlichen Strahlen der Sonne. Im lebendigen Spiel mit der Schwerkraft steigend, f\u00fcr die F\u00fc\u00dfe die Tritte und f\u00fcr die H\u00e4nde die Griffe, 400 Klettermeter, die Autobahn tief unten und mit ihr der L\u00e4rm, der hinaufkriecht die Wand und ausf\u00fcllt das Tal. Fast vergesse ich das Tosen darunter im Sein des Augenblicks. Dann denke ich w\u00e4hrend des Kletterns an die Aktivistinnen und Aktivisten der \u201eLetzten Generation\u201c, die mutig und selbstlos sich kleben auf die Stra\u00dfen, ohne Gefahr f\u00fcr andere, um auf die ganz gro\u00dfe Gefahr aufmerksam zu machen und auf das Fehlverhalten der Masse und der Politik. Kein Tempo 100 ist unter mir zu finden \u2013 eine der einfachen Ma\u00dfnahmen nur, die bremsen w\u00fcrde auf der \u201ehighway to hell\u201c (\u00a9 Antonio Gutierrez, COP27). Viele Jahre ist es her, seit die Autobahn wurde ins enge Tal gebaut. Teilst\u00fcck um Teilst\u00fcck wurde er\u00f6ffnet \u2013 und bei einer der Feiern mit Landeshauptmann und unter dem Segen der Kirche war ich gemeinsam mit der Sekret\u00e4rin der Katholischen Jugend bei der Er\u00f6ffnung bei Haiming dabei, als wir hatten den jugendlichen Mut zur Minidemo, mit Transparent und Flugis gegen die Zerst\u00f6rung der Umwelt aufzutreten, w\u00e4hrend die Musikkapelle spielte und die Sch\u00fctzen eine Ehrensalve abgaben und die Politiker \u2013 damals nur m\u00e4nnlich \u2013 den Fortschritt durch den Autobahnausbau priesen, tr\u00e4umten wir von einer Umfahrungsstra\u00dfe abseits der Ortschaften, auf der Autos langsam die Lebensr\u00e4ume umfahren, hatten damals schon selbstgefertigte Pickerl verteilt mit 80\/100 als erste Notma\u00dfnahme, auch wenn damals von Klimakatastrophe noch niemand gesprochen und geschrieben hatte und wir kein p\u00e4pstliches \u201eLaudato Si\u201c-Placet hatten, um uns als Mitglieder der Katholischen Jugend vor dem Bischof zu rechtfertigen. Unter mir m\u00e4andert tiefgr\u00fcn der Fluss neben dem vierspurigen grauen Band der Autobahn, wo von oben die Autos wie Spielzeugautos wirken. Der WWF schrieb k\u00fcrzlich davon, dass im Inn nur mehr 20 Prozent des urspr\u00fcnglichen Fischbestandes zu finden sei; zu warm ist das Wasser f\u00fcr die Bachforelle und andere Arten geworden und zu sehr verschmutzt durch die Gifte der Stra\u00dfen. Ich blicke hinunter auf das Naturjuwel Forchetwald, Zuflucht f\u00fcr gef\u00e4hrdete Tier- und Pflanzenarten. Die Mopsfledermaus soll dort heimisch sein. Erst vor kurzem hatte eine lokale B\u00fcrgerinitiative Erfolg, als ein weiterer Teil des einzigartigen Kieferwaldes f\u00fcr Siedlungs- und Gewerbebau h\u00e4tte gerodet werden sollen. Die Initiativgruppe konnte dies verhindern. Fakt ist, so k\u00fcrzlich in einer Zeitung, dass allein in Tirol t\u00e4glich 0,8 Hektar Land verbaut werden. Nicht kleiner als damals bei der Zweierdemo ist der Wille in mir, das zu sch\u00fctzen, was uns als Kostbarkeit geschenkt wurde. Es ermutigt, in diesem Streben nicht allein zu sein und sich umarmend zu st\u00e4rken gegen die Zerst\u00f6rung der Erde.<\/p>\n\n\n\n<p>klaus.heidegger, Gedanken in der Geierwand bei Haiming, 12.11.2022<\/p>\n","protected":false},"excerpt":{"rendered":"<p><img src='http:\/\/www.klaus-heidegger.at\/wp-content\/uploads\/2022\/11\/gw-768x1024.jpg' class='thumbnail' \/>Im Augenblick sein und darin geborgen, den Fels f\u00fchlen, der sich w\u00e4rmt in den herbstlichen Strahlen der Sonne. Im lebendigen Spiel mit der Schwerkraft steigend, f\u00fcr die F\u00fc\u00dfe die Tritte und f\u00fcr die H\u00e4nde die Griffe, 400 Klettermeter, die Autobahn tief unten und mit ihr der L\u00e4rm, der hinaufkriecht die Wand und ausf\u00fcllt das Tal&#8230;.<\/p>\n","protected":false},"author":1,"featured_media":8221,"comment_status":"open","ping_status":"open","sticky":false,"template":"","format":"standard","meta":[],"categories":[1,181],"tags":[1355,1178,1356,328],"_links":{"self":[{"href":"http:\/\/www.klaus-heidegger.at\/index.php?rest_route=\/wp\/v2\/posts\/8218"}],"collection":[{"href":"http:\/\/www.klaus-heidegger.at\/index.php?rest_route=\/wp\/v2\/posts"}],"about":[{"href":"http:\/\/www.klaus-heidegger.at\/index.php?rest_route=\/wp\/v2\/types\/post"}],"author":[{"embeddable":true,"href":"http:\/\/www.klaus-heidegger.at\/index.php?rest_route=\/wp\/v2\/users\/1"}],"replies":[{"embeddable":true,"href":"http:\/\/www.klaus-heidegger.at\/index.php?rest_route=%2Fwp%2Fv2%2Fcomments&post=8218"}],"version-history":[{"count":4,"href":"http:\/\/www.klaus-heidegger.at\/index.php?rest_route=\/wp\/v2\/posts\/8218\/revisions"}],"predecessor-version":[{"id":8225,"href":"http:\/\/www.klaus-heidegger.at\/index.php?rest_route=\/wp\/v2\/posts\/8218\/revisions\/8225"}],"wp:featuredmedia":[{"embeddable":true,"href":"http:\/\/www.klaus-heidegger.at\/index.php?rest_route=\/wp\/v2\/media\/8221"}],"wp:attachment":[{"href":"http:\/\/www.klaus-heidegger.at\/index.php?rest_route=%2Fwp%2Fv2%2Fmedia&parent=8218"}],"wp:term":[{"taxonomy":"category","embeddable":true,"href":"http:\/\/www.klaus-heidegger.at\/index.php?rest_route=%2Fwp%2Fv2%2Fcategories&post=8218"},{"taxonomy":"post_tag","embeddable":true,"href":"http:\/\/www.klaus-heidegger.at\/index.php?rest_route=%2Fwp%2Fv2%2Ftags&post=8218"}],"curies":[{"name":"wp","href":"https:\/\/api.w.org\/{rel}","templated":true}]}}