{"id":8260,"date":"2022-11-21T08:32:23","date_gmt":"2022-11-21T08:32:23","guid":{"rendered":"http:\/\/www.klaus-heidegger.at\/?p=8260"},"modified":"2022-11-21T08:35:49","modified_gmt":"2022-11-21T08:35:49","slug":"kreuzjoechl-2121-m-und-ein-zwischenwelten-sein","status":"publish","type":"post","link":"http:\/\/www.klaus-heidegger.at\/?p=8260","title":{"rendered":"Kreuzj\u00f6chl (2121 m) und ein Zwischenwelten-Sein"},"content":{"rendered":"\n<figure class=\"wp-block-image size-large\"><a href=\"http:\/\/www.klaus-heidegger.at\/wp-content\/uploads\/2022\/11\/kreuzj-20a-scaled.jpg\"><img loading=\"lazy\" width=\"768\" height=\"1024\" src=\"http:\/\/www.klaus-heidegger.at\/wp-content\/uploads\/2022\/11\/kreuzj-20a-768x1024.jpg\" alt=\"\" class=\"wp-image-8261\" srcset=\"http:\/\/www.klaus-heidegger.at\/wp-content\/uploads\/2022\/11\/kreuzj-20a-768x1024.jpg 768w, http:\/\/www.klaus-heidegger.at\/wp-content\/uploads\/2022\/11\/kreuzj-20a-225x300.jpg 225w, http:\/\/www.klaus-heidegger.at\/wp-content\/uploads\/2022\/11\/kreuzj-20a-1152x1536.jpg 1152w, http:\/\/www.klaus-heidegger.at\/wp-content\/uploads\/2022\/11\/kreuzj-20a-1536x2048.jpg 1536w, http:\/\/www.klaus-heidegger.at\/wp-content\/uploads\/2022\/11\/kreuzj-20a-scaled.jpg 1920w\" sizes=\"(max-width: 768px) 100vw, 768px\" \/><\/a><\/figure>\n\n\n\n<p>Der vom Tal aus gesehen unscheinbare Gipfel ist so etwas wie ein Zwischengipfel \u2013 zwischen der Thaurer Jochspitze und der Rumer Spitze. Als ein Zwischen wurde er auch von mir bislang \u00fcbersehen, obwohl da ein Kreuz steht und er wirklich wie ein richtiger Gipfel ist. Auf ein Zwischen machen uns manchmal andere Menschen aufmerksam. So kam auch der Ansto\u00df, gemeinsam eine Tour dorthin zu machen, von au\u00dfen. F\u00fcr Skitouren liegt jetzt noch zu wenig Schnee, f\u00fcr h\u00f6here Bergtouren liegt zu viel Schnee auf den Felsen. Zwischen eben.<\/p>\n\n\n\n<p>Mitte November: Die tiefstehende Sonne schafft es kaum mehr, den Tag ganz zum Tag zu machen und ausreichend mit Licht und mit W\u00e4rme zu f\u00fcllen. Die Stunden der Novembertage wirken dann wie eine Zwischenzeit von Tag und von Nacht, die jetzt so tief in den Tag hineinreicht, am Morgen und am Abend, dass die Tage zu kurz und die N\u00e4chte zu lang geworden sind, wie manchmal auch im Leben, wenn wir den Tag von der Nacht abringen und Angst davor haben, dass ein Nachtsein \u00fcber das Tagsein siegen k\u00f6nnte.<\/p>\n\n\n\n<p>Mitte November: Es ist die Zwischenzeit vom Ende des alten Jahres in ein neues Jahr. Das Alte will schon nicht mehr sein, das Neue noch nicht da. Kirchlich gesehen ist heute der letzte Sonntag im Kirchenjahr und in einer Woche beginnt ein neues. Es ist die Zeit zwischen Abschied und Neubeginn, in der die Seele in der Zwischenzeit nach Halt sucht im Ungewissen. Beim Weggehen h\u00f6re ich die Sonntagsglocken, die in irgendeinem der Seelsorger\u00e4ume-Kirchen zum Gottesdienst einladen. \u201eChristus ist K\u00f6nig\u201c, wird es hei\u00dfen. Eine neue Zeit mit einer neuen Regentschaft soll beginnen, nicht mit brutaler Macht und Gewalt, sondern mit Hingabe und Liebe. \u201eNoch heute \u2026\u201c, sagt der Sterbende am Kreuz, noch heute soll dies beginnen, so die Worte im Sonntagsevangelium. Da liegt keine Vertr\u00f6stung drinnen auf ein Jenseits. Wer regiert die Welt, wer regiert mich, frage ich mich beim Klang der Glocken \u2013 und wo erfahre ich dieses \u201enoch heute\u201c, wenn ein Gestern nicht mehr tr\u00e4gt und ein Morgen es nicht gibt?<\/p>\n\n\n\n<figure class=\"wp-block-image size-large\"><a href=\"http:\/\/www.klaus-heidegger.at\/wp-content\/uploads\/2022\/11\/kreuzj-2-scaled.jpg\"><img loading=\"lazy\" width=\"768\" height=\"1024\" src=\"http:\/\/www.klaus-heidegger.at\/wp-content\/uploads\/2022\/11\/kreuzj-2-768x1024.jpg\" alt=\"\" class=\"wp-image-8263\" srcset=\"http:\/\/www.klaus-heidegger.at\/wp-content\/uploads\/2022\/11\/kreuzj-2-768x1024.jpg 768w, http:\/\/www.klaus-heidegger.at\/wp-content\/uploads\/2022\/11\/kreuzj-2-225x300.jpg 225w, http:\/\/www.klaus-heidegger.at\/wp-content\/uploads\/2022\/11\/kreuzj-2-1152x1536.jpg 1152w, http:\/\/www.klaus-heidegger.at\/wp-content\/uploads\/2022\/11\/kreuzj-2-1536x2048.jpg 1536w, http:\/\/www.klaus-heidegger.at\/wp-content\/uploads\/2022\/11\/kreuzj-2-scaled.jpg 1920w\" sizes=\"(max-width: 768px) 100vw, 768px\" \/><\/a><\/figure>\n\n\n\n<p>Unser Startpunkt ist in Rum. Mystisch wirken die W\u00e4lder und wurzeligen Steige im Nebel hinauf zur Rumer Alm. Rund 200 H\u00f6henmeter dar\u00fcber beginnen dann die verschneiten Zonen, doch auf den Steigen ist es weniger rutschig, als ich bef\u00fcrchtet hatte. F\u00fcr den Abstieg haben wir sicherheitshalber die Gr\u00f6del dabei. Der Wind und die Luftdruckunterschiede bieten ein Spektakel mit den dicken, schneewei\u00dfen Wolken, zwischen denen \u2013 und wieder ein zwischen \u2013 die Sonne und der tiefblaue Winterhimmel manchmal hervorkommen. Vom Parkplatz, wo mein Rad steht, bis zum Gipfel sind es rund 8 Kilometer und 1500 H\u00f6henmeter. Das Erlebnis einer gro\u00dfartigen Berglandschaft, von Steigen zwischen (!) den leicht angeschneiten Latschen, Gipfelflanken und der Erfahrung von Gemeinschaft und Freundschaft: es sind Momente, die helfen, im Zwischensein Halt zu finden.<\/p>\n\n\n\n<p><\/p>\n\n\n\n<figure class=\"wp-block-image size-large\"><a href=\"http:\/\/www.klaus-heidegger.at\/wp-content\/uploads\/2022\/11\/kreuzj-16-scaled.jpg\"><img loading=\"lazy\" width=\"768\" height=\"1024\" src=\"http:\/\/www.klaus-heidegger.at\/wp-content\/uploads\/2022\/11\/kreuzj-16-768x1024.jpg\" alt=\"\" class=\"wp-image-8262\" srcset=\"http:\/\/www.klaus-heidegger.at\/wp-content\/uploads\/2022\/11\/kreuzj-16-768x1024.jpg 768w, http:\/\/www.klaus-heidegger.at\/wp-content\/uploads\/2022\/11\/kreuzj-16-225x300.jpg 225w, http:\/\/www.klaus-heidegger.at\/wp-content\/uploads\/2022\/11\/kreuzj-16-1152x1536.jpg 1152w, http:\/\/www.klaus-heidegger.at\/wp-content\/uploads\/2022\/11\/kreuzj-16-1536x2048.jpg 1536w, http:\/\/www.klaus-heidegger.at\/wp-content\/uploads\/2022\/11\/kreuzj-16-scaled.jpg 1920w\" sizes=\"(max-width: 768px) 100vw, 768px\" \/><\/a><\/figure>\n","protected":false},"excerpt":{"rendered":"<p><img src='http:\/\/www.klaus-heidegger.at\/wp-content\/uploads\/2022\/11\/kreuzj-20a-768x1024.jpg' class='thumbnail' \/>Der vom Tal aus gesehen unscheinbare Gipfel ist so etwas wie ein Zwischengipfel \u2013 zwischen der Thaurer Jochspitze und der Rumer Spitze. Als ein Zwischen wurde er auch von mir bislang \u00fcbersehen, obwohl da ein Kreuz steht und er wirklich wie ein richtiger Gipfel ist. Auf ein Zwischen machen uns manchmal andere Menschen aufmerksam. So&#8230;<\/p>\n","protected":false},"author":1,"featured_media":8261,"comment_status":"open","ping_status":"open","sticky":false,"template":"","format":"standard","meta":[],"categories":[1],"tags":[1076,1368,1369,1370],"_links":{"self":[{"href":"http:\/\/www.klaus-heidegger.at\/index.php?rest_route=\/wp\/v2\/posts\/8260"}],"collection":[{"href":"http:\/\/www.klaus-heidegger.at\/index.php?rest_route=\/wp\/v2\/posts"}],"about":[{"href":"http:\/\/www.klaus-heidegger.at\/index.php?rest_route=\/wp\/v2\/types\/post"}],"author":[{"embeddable":true,"href":"http:\/\/www.klaus-heidegger.at\/index.php?rest_route=\/wp\/v2\/users\/1"}],"replies":[{"embeddable":true,"href":"http:\/\/www.klaus-heidegger.at\/index.php?rest_route=%2Fwp%2Fv2%2Fcomments&post=8260"}],"version-history":[{"count":2,"href":"http:\/\/www.klaus-heidegger.at\/index.php?rest_route=\/wp\/v2\/posts\/8260\/revisions"}],"predecessor-version":[{"id":8265,"href":"http:\/\/www.klaus-heidegger.at\/index.php?rest_route=\/wp\/v2\/posts\/8260\/revisions\/8265"}],"wp:featuredmedia":[{"embeddable":true,"href":"http:\/\/www.klaus-heidegger.at\/index.php?rest_route=\/wp\/v2\/media\/8261"}],"wp:attachment":[{"href":"http:\/\/www.klaus-heidegger.at\/index.php?rest_route=%2Fwp%2Fv2%2Fmedia&parent=8260"}],"wp:term":[{"taxonomy":"category","embeddable":true,"href":"http:\/\/www.klaus-heidegger.at\/index.php?rest_route=%2Fwp%2Fv2%2Fcategories&post=8260"},{"taxonomy":"post_tag","embeddable":true,"href":"http:\/\/www.klaus-heidegger.at\/index.php?rest_route=%2Fwp%2Fv2%2Ftags&post=8260"}],"curies":[{"name":"wp","href":"https:\/\/api.w.org\/{rel}","templated":true}]}}