{"id":9119,"date":"2023-06-09T21:05:01","date_gmt":"2023-06-09T21:05:01","guid":{"rendered":"http:\/\/www.klaus-heidegger.at\/?p=9119"},"modified":"2026-02-03T08:00:07","modified_gmt":"2026-02-03T08:00:07","slug":"die-waffen-nieder-happy-birthday-bertha-von-suttner","status":"publish","type":"post","link":"http:\/\/www.klaus-heidegger.at\/?p=9119","title":{"rendered":"\u201eDie Waffen nieder!\u201c &#8211; Happy Birthday Bertha von Suttner"},"content":{"rendered":"\n<p><\/p>\n\n\n\n<p>Gedankenversunken werfe ich meine gl\u00e4nzende 2-Euro-M\u00fcnze in den Schlitz des Garderobenk\u00e4stchen im Innsbrucker Tivoli. Diese M\u00fcnze trage ich meist bei mir. Das Portr\u00e4t auf der einen Seite zeigt Bertha von Suttner. Heute w\u00e4re sie 180 Jahre alt geworden. Seit ich bewusst friedenspolitisch denke und handle, ist sie mir Wegbegleiterin. Ihr Buch \u201eDie Waffen nieder!\u201c und ihr Leben waren mir wesentliche Argumentationsst\u00fctze bei der Zivildienstkommission. Rundenschwimmen im Becken des Tivoli mit Blick in den Himmel ist geeignet, um Gedanken immer wieder aufsteigen zu lassen und zu ordnen. Sie sind seit mehr als einem Jahr immer wieder beim russisch-ukrainischen Kriegsgeschehen. \u201eDie Waffen nieder!\u201c \u2013 es w\u00fcrde mit Blick auf das Grauen dieses Krieges bedeuten, alles zu tun, damit Morden und Zerst\u00f6ren gestoppt werden. Die letzten Monate haben schrecklich gezeigt, welches Grauen Kriegsstrategien nach sich ziehen. St\u00e4dte und D\u00f6rfer, die erobert und zur\u00fcckerobert werden und um die monatelang gek\u00e4mpft wird, bleiben als Ruinenst\u00e4dte zur\u00fcck, deren Stra\u00dfen mit Leichen gepflastert sind. Wer um Sieg oder Niederlage k\u00e4mpft, schert sich weder um Menschenleben noch um Menschenrechte. Im Gegenteil: Brutalit\u00e4t ist kalkulierte Strategie genauso wie gezielte Attacken auf lebenswichtige Infrastruktur. Die Zerst\u00f6rung der gigantischen Staumauer in Kachowka ist Teil einer Politik, die sich auf Offensiven und Gegenoffensiven eingelassen hat. Die Eskalation reicht bis zu Drohungen mit Atomwaffen. In den Nachrichtensendungen erkl\u00e4ren uns seit Monaten Offiziere in Kampfuniform als Kriegsexperten, wie die Logik des Krieges funktioniert. Darin sind sie Experten. Es g\u00e4be aber auch die anderen Stimmen mit anderen Botschaften. Heute beginnt in Wien eine dreit\u00e4gige internationale Friedenskonferenz unter dem Titel \u201ePeace by peaceful means\u201c. Expertinnen und Experten aus verschiedenen Erdteilen und von unterschiedlichen Friedensorganisationen werden sich dar\u00fcber austauschen, wie in der Ukraine Frieden wiederhergestellt und Aggressionen gestoppt werden k\u00f6nnen. Werner Wintersteiner, einer der Organisatoren der Friedenskonferenz, schreibt dazu: \u201e\u201eWaffenstillstand hei\u00dft nicht die Anerkennung bestehender Frontlinien als Grenzen, sondern nur ein Ende des T\u00f6tens und des Mordens, ein Stopp der Zerst\u00f6rungen. Raus aus den Sch\u00fctzengr\u00e4ben und Bunkern, hin zu neuem freiem Leben! Verhandlungen hei\u00dft nicht Zustimmung oder Anerkennung des v\u00f6lkerrechtswidrigen Angriffskrieges Russland gegen die souver\u00e4ne Ukraine, hei\u00dft auch nicht die Vorgeschichte dieses Krieges besonders die NATO- Osterweiterung aus den Augen zu verlieren, sondern Wege f\u00fcr die gemeinsame Gestaltung der Zukunft an dem Verhandlungstisch zu entwickeln \u2013 wahrscheinlich unter der Beteiligung von internationalen Moderatoren bzw. Mediatoren des Globalen S\u00fcdens.\u201c In solchen Worten lebt wohl auch die Friedensnobelpreistr\u00e4gerin und das heutige Geburtstagskind Bertha von Suttner. Sie lebe!<\/p>\n\n\n\n<p>k.heidegger, 9.6.2023<\/p>\n","protected":false},"excerpt":{"rendered":"<p>Gedankenversunken werfe ich meine gl\u00e4nzende 2-Euro-M\u00fcnze in den Schlitz des Garderobenk\u00e4stchen im Innsbrucker Tivoli. Diese M\u00fcnze trage ich meist bei mir. Das Portr\u00e4t auf der einen Seite zeigt Bertha von Suttner. Heute w\u00e4re sie 180 Jahre alt geworden. Seit ich bewusst friedenspolitisch denke und handle, ist sie mir Wegbegleiterin. Ihr Buch \u201eDie Waffen nieder!\u201c und&#8230;<\/p>\n","protected":false},"author":1,"featured_media":0,"comment_status":"open","ping_status":"open","sticky":false,"template":"","format":"standard","meta":[],"categories":[182],"tags":[],"_links":{"self":[{"href":"http:\/\/www.klaus-heidegger.at\/index.php?rest_route=\/wp\/v2\/posts\/9119"}],"collection":[{"href":"http:\/\/www.klaus-heidegger.at\/index.php?rest_route=\/wp\/v2\/posts"}],"about":[{"href":"http:\/\/www.klaus-heidegger.at\/index.php?rest_route=\/wp\/v2\/types\/post"}],"author":[{"embeddable":true,"href":"http:\/\/www.klaus-heidegger.at\/index.php?rest_route=\/wp\/v2\/users\/1"}],"replies":[{"embeddable":true,"href":"http:\/\/www.klaus-heidegger.at\/index.php?rest_route=%2Fwp%2Fv2%2Fcomments&post=9119"}],"version-history":[{"count":2,"href":"http:\/\/www.klaus-heidegger.at\/index.php?rest_route=\/wp\/v2\/posts\/9119\/revisions"}],"predecessor-version":[{"id":12277,"href":"http:\/\/www.klaus-heidegger.at\/index.php?rest_route=\/wp\/v2\/posts\/9119\/revisions\/12277"}],"wp:attachment":[{"href":"http:\/\/www.klaus-heidegger.at\/index.php?rest_route=%2Fwp%2Fv2%2Fmedia&parent=9119"}],"wp:term":[{"taxonomy":"category","embeddable":true,"href":"http:\/\/www.klaus-heidegger.at\/index.php?rest_route=%2Fwp%2Fv2%2Fcategories&post=9119"},{"taxonomy":"post_tag","embeddable":true,"href":"http:\/\/www.klaus-heidegger.at\/index.php?rest_route=%2Fwp%2Fv2%2Ftags&post=9119"}],"curies":[{"name":"wp","href":"https:\/\/api.w.org\/{rel}","templated":true}]}}