{"id":9452,"date":"2023-09-13T19:28:40","date_gmt":"2023-09-13T19:28:40","guid":{"rendered":"http:\/\/www.klaus-heidegger.at\/?p=9452"},"modified":"2023-09-13T19:29:04","modified_gmt":"2023-09-13T19:29:04","slug":"die-gargglerin-2446-m-und-eine-rundtour-im-hinteren-gschnitztal-zwischen-laponisalm-und-tribulaunhuette","status":"publish","type":"post","link":"http:\/\/www.klaus-heidegger.at\/?p=9452","title":{"rendered":"Die Gargglerin (2446 m) und eine Rundtour im hinteren Gschnitztal zwischen Laponisalm und Tribulaunh\u00fctte"},"content":{"rendered":"\n<figure class=\"wp-block-image size-large\"><a href=\"http:\/\/www.klaus-heidegger.at\/wp-content\/uploads\/2023\/09\/ga-jul-3-scaled.jpg\"><img loading=\"lazy\" width=\"584\" height=\"1024\" src=\"http:\/\/www.klaus-heidegger.at\/wp-content\/uploads\/2023\/09\/ga-jul-3-584x1024.jpg\" alt=\"\" class=\"wp-image-9453\" srcset=\"http:\/\/www.klaus-heidegger.at\/wp-content\/uploads\/2023\/09\/ga-jul-3-584x1024.jpg 584w, http:\/\/www.klaus-heidegger.at\/wp-content\/uploads\/2023\/09\/ga-jul-3-171x300.jpg 171w, http:\/\/www.klaus-heidegger.at\/wp-content\/uploads\/2023\/09\/ga-jul-3-768x1346.jpg 768w, http:\/\/www.klaus-heidegger.at\/wp-content\/uploads\/2023\/09\/ga-jul-3-877x1536.jpg 877w, http:\/\/www.klaus-heidegger.at\/wp-content\/uploads\/2023\/09\/ga-jul-3-1169x2048.jpg 1169w, http:\/\/www.klaus-heidegger.at\/wp-content\/uploads\/2023\/09\/ga-jul-3-scaled.jpg 1461w\" sizes=\"(max-width: 584px) 100vw, 584px\" \/><\/a><\/figure>\n\n\n\n<p>\u201eGargglerin?\u201c, fragte ich verwundert \u00fcber den Tirolerisch klingenden merkw\u00fcrdigen Namen, als ich eingeladen wurde, ob ich mit auf diesen Berg gehen wollte. Den interessanten Namen hatte ich noch nie geh\u00f6rt. Berge sind wie Leben: Da gibt es die Augenblicke, in denen sich Neues entdecken l\u00e4sst und das Neue gelingt in einer Begegnung. Nun aber weg von meiner Bergsteigerphilosophie zu den anderen Fakten: Die Gargglerin liegt am Ende des Gschnitztales. Ausgangspunkt unserer Tour ist beim Gasthaus Feuerstein. Bis dort hinein f\u00e4hrt ein Linienbus von Steinach weg. Unsere Bergtour findet sich daher auch im empfehlenswerten Tourenf\u00fchrer \u201e\u00f6ffi-Touren Nordtirol\u201c. Das M\u00fchlendorf mit dem Wasserfall im Hintergrund ist \u00f6stlich vom Ausgangspunkt. Unser Weg geht zun\u00e4chst etwas Richtung Laponesalm und dann zweigt der gut markierte Weg ab. Viele Serpentinen geht es hinauf. Zun\u00e4chst durch einen urigen Bergwald. Weiter oben wird der Blick freigegeben f\u00fcr die imposanten Nordabh\u00e4nge des Pflerscher Tribulauns mit seiner charakteristischen Felsformation. Das Tal ist schnell weit unterhalb. Auf der anderen Talseite ist der m\u00e4chtige Habicht, sind die k\u00fchnen Ilmspitzen und die markante Kirchdachspitze. Dort dr\u00fcben ist auch die Innsbrucker H\u00fctte. Ein schmaler Steig f\u00fchrt uns entlang von steilen Grash\u00e4ngen. Die Felst\u00fcrme der Gargglerin schauen fast unbesteigbar aus. Doch dann windet sich doch ein Steig um die Felst\u00fcrme herum und auf einem schmalen R\u00fccken geht es hin\u00fcber zum h\u00f6lzernen Gipfelkreuz mit einem grandiosen Panoramablick. Schon lange haben wir tief unten im Osten die Tribulaunh\u00fctte gesehen. Wir wollten eigentlich beim Abstieg dort noch vorbeischauen, w\u00e4hlten aus Zeitmangel aber den k\u00fcrzeren Weg hinunter ins Gschnitztal. Die B\u00e4ume und Str\u00e4ucher im unteren Teil des Sandertales lassen schon ihre Herbstverf\u00e4rbungen erahnen. Blicke zur\u00fcck zur Gargglerin mit ihrem Dolomitfelsgestein. Eine perfekte Rundtour (T3) mit 1200 H\u00f6henmetern endet wieder unten beim Gasthaus Feuerstein. Es wird nicht das letzte Mal gewesen sein, dass ich auf der Gargglerin war. Dankbar f\u00fcr das gemeinsame Gehen, die Gespr\u00e4che dabei, die andere Welten er\u00f6ffnen, und eine wunderbare Bergwelt.<\/p>\n\n\n\n<figure class=\"wp-block-image\"><img alt=\"\"\/><\/figure>\n\n\n\n<p>Klaus Heidegger, am 11.9.2023<\/p>\n","protected":false},"excerpt":{"rendered":"<p><img src='http:\/\/www.klaus-heidegger.at\/wp-content\/uploads\/2023\/09\/ga-jul-3-584x1024.jpg' class='thumbnail' \/>\u201eGargglerin?\u201c, fragte ich verwundert \u00fcber den Tirolerisch klingenden merkw\u00fcrdigen Namen, als ich eingeladen wurde, ob ich mit auf diesen Berg gehen wollte. Den interessanten Namen hatte ich noch nie geh\u00f6rt. Berge sind wie Leben: Da gibt es die Augenblicke, in denen sich Neues entdecken l\u00e4sst und das Neue gelingt in einer Begegnung. Nun aber weg&#8230;<\/p>\n","protected":false},"author":1,"featured_media":9453,"comment_status":"open","ping_status":"open","sticky":false,"template":"","format":"standard","meta":[],"categories":[1],"tags":[1672,1676,1675,1673,1677,1674],"_links":{"self":[{"href":"http:\/\/www.klaus-heidegger.at\/index.php?rest_route=\/wp\/v2\/posts\/9452"}],"collection":[{"href":"http:\/\/www.klaus-heidegger.at\/index.php?rest_route=\/wp\/v2\/posts"}],"about":[{"href":"http:\/\/www.klaus-heidegger.at\/index.php?rest_route=\/wp\/v2\/types\/post"}],"author":[{"embeddable":true,"href":"http:\/\/www.klaus-heidegger.at\/index.php?rest_route=\/wp\/v2\/users\/1"}],"replies":[{"embeddable":true,"href":"http:\/\/www.klaus-heidegger.at\/index.php?rest_route=%2Fwp%2Fv2%2Fcomments&post=9452"}],"version-history":[{"count":2,"href":"http:\/\/www.klaus-heidegger.at\/index.php?rest_route=\/wp\/v2\/posts\/9452\/revisions"}],"predecessor-version":[{"id":9455,"href":"http:\/\/www.klaus-heidegger.at\/index.php?rest_route=\/wp\/v2\/posts\/9452\/revisions\/9455"}],"wp:featuredmedia":[{"embeddable":true,"href":"http:\/\/www.klaus-heidegger.at\/index.php?rest_route=\/wp\/v2\/media\/9453"}],"wp:attachment":[{"href":"http:\/\/www.klaus-heidegger.at\/index.php?rest_route=%2Fwp%2Fv2%2Fmedia&parent=9452"}],"wp:term":[{"taxonomy":"category","embeddable":true,"href":"http:\/\/www.klaus-heidegger.at\/index.php?rest_route=%2Fwp%2Fv2%2Fcategories&post=9452"},{"taxonomy":"post_tag","embeddable":true,"href":"http:\/\/www.klaus-heidegger.at\/index.php?rest_route=%2Fwp%2Fv2%2Ftags&post=9452"}],"curies":[{"name":"wp","href":"https:\/\/api.w.org\/{rel}","templated":true}]}}