{"id":9654,"date":"2023-11-09T13:53:59","date_gmt":"2023-11-09T13:53:59","guid":{"rendered":"http:\/\/www.klaus-heidegger.at\/?p=9654"},"modified":"2023-11-09T13:58:18","modified_gmt":"2023-11-09T13:58:18","slug":"mich-frei-atmen","status":"publish","type":"post","link":"http:\/\/www.klaus-heidegger.at\/?p=9654","title":{"rendered":"mich frei atmen"},"content":{"rendered":"\n<figure class=\"wp-block-image size-large is-style-default\"><a href=\"http:\/\/www.klaus-heidegger.at\/wp-content\/uploads\/2023\/11\/st-gl-0-scaled.jpg\"><img loading=\"lazy\" width=\"742\" height=\"1024\" src=\"http:\/\/www.klaus-heidegger.at\/wp-content\/uploads\/2023\/11\/st-gl-0-742x1024.jpg\" alt=\"\" class=\"wp-image-9655\" srcset=\"http:\/\/www.klaus-heidegger.at\/wp-content\/uploads\/2023\/11\/st-gl-0-742x1024.jpg 742w, http:\/\/www.klaus-heidegger.at\/wp-content\/uploads\/2023\/11\/st-gl-0-218x300.jpg 218w, http:\/\/www.klaus-heidegger.at\/wp-content\/uploads\/2023\/11\/st-gl-0-768x1059.jpg 768w, http:\/\/www.klaus-heidegger.at\/wp-content\/uploads\/2023\/11\/st-gl-0-1114x1536.jpg 1114w, http:\/\/www.klaus-heidegger.at\/wp-content\/uploads\/2023\/11\/st-gl-0-1485x2048.jpg 1485w, http:\/\/www.klaus-heidegger.at\/wp-content\/uploads\/2023\/11\/st-gl-0-scaled.jpg 1856w\" sizes=\"(max-width: 742px) 100vw, 742px\" \/><\/a><\/figure>\n\n\n\n<p>Tief atme ich ein:<br>die klare Luft,<br>den Geruch frischen Schnees,<br>den Fallwind von H\u00f6hen,<br>steige schnell hinauf,<br>atme im Rhythmus des Schrittes,<br><br>steige immer h\u00f6her,<br><br>als k\u00f6nnte ich mich l\u00f6sen<br>vom Schmerz an dieser Welt:<br>dem Massenverkehr auf der Autobahn,<br>dem Gestank und L\u00e4rm der Autos,<br>dem Rausch von Motoren,<br>dem ungebremsten Ansteigen zerst\u00f6rerischer Emissionen.<\/p>\n\n\n\n<p>Tief atme ich ein,<br>die vielfachen Blaut\u00f6ne des Himmels,<br>das schneewei\u00dfe Wei\u00df des Schnees,<br>das hellwei\u00dfe Wei\u00df der Sonne,<br>das Dunkelschwarz der Felsen,<br>atme im Rhythmus der Schritte,<\/p>\n\n\n\n<p>atme immer tiefer,<\/p>\n\n\n\n<p>als k\u00f6nnte ich hinausatmen,<br>die Wut \u00fcber Krieg und Zerst\u00f6rung:<br>die erschreckenden Bilder von Abertausenden auf der Flucht,<br>die grellen Blitze einschlagender Raketen,<br>das Blutrot der Get\u00f6teten und Verletzten,<br>das W\u00fcstenocker vertrocknender Landstriche.<\/p>\n\n\n\n<p>ich atme ein und sp\u00fcre<\/p>\n\n\n\n<p>den Wind der Ermutigung durch Gleichgesinnte,<br>dem Wahn zu widerstehen,<br>die Sonne durch die N\u00e4he von Menschen,<br>die Hoffnung n\u00e4hrt,<br>die Buntheit im Leben,<br>wie die Farben der Berge,<br>die schwarzsehen vereiteln.<\/p>\n\n\n\n<p>klaus.heidegger, 9.11.2023<br>(Bild: Skitour &#8211; Stubaier Gletscher am 8.11.2023)<br><br><br><\/p>\n","protected":false},"excerpt":{"rendered":"<p><img src='http:\/\/www.klaus-heidegger.at\/wp-content\/uploads\/2023\/11\/st-gl-0-742x1024.jpg' class='thumbnail' \/>Tief atme ich ein:die klare Luft,den Geruch frischen Schnees,den Fallwind von H\u00f6hen,steige schnell hinauf,atme im Rhythmus des Schrittes, steige immer h\u00f6her, als k\u00f6nnte ich mich l\u00f6senvom Schmerz an dieser Welt:dem Massenverkehr auf der Autobahn,dem Gestank und L\u00e4rm der Autos,dem Rausch von Motoren,dem ungebremsten Ansteigen zerst\u00f6rerischer Emissionen. Tief atme ich ein,die vielfachen Blaut\u00f6ne des Himmels,das schneewei\u00dfe&#8230;<\/p>\n","protected":false},"author":1,"featured_media":9655,"comment_status":"open","ping_status":"open","sticky":false,"template":"","format":"standard","meta":[],"categories":[1,182,492,181],"tags":[1731,1729,249,1730],"_links":{"self":[{"href":"http:\/\/www.klaus-heidegger.at\/index.php?rest_route=\/wp\/v2\/posts\/9654"}],"collection":[{"href":"http:\/\/www.klaus-heidegger.at\/index.php?rest_route=\/wp\/v2\/posts"}],"about":[{"href":"http:\/\/www.klaus-heidegger.at\/index.php?rest_route=\/wp\/v2\/types\/post"}],"author":[{"embeddable":true,"href":"http:\/\/www.klaus-heidegger.at\/index.php?rest_route=\/wp\/v2\/users\/1"}],"replies":[{"embeddable":true,"href":"http:\/\/www.klaus-heidegger.at\/index.php?rest_route=%2Fwp%2Fv2%2Fcomments&post=9654"}],"version-history":[{"count":2,"href":"http:\/\/www.klaus-heidegger.at\/index.php?rest_route=\/wp\/v2\/posts\/9654\/revisions"}],"predecessor-version":[{"id":9657,"href":"http:\/\/www.klaus-heidegger.at\/index.php?rest_route=\/wp\/v2\/posts\/9654\/revisions\/9657"}],"wp:featuredmedia":[{"embeddable":true,"href":"http:\/\/www.klaus-heidegger.at\/index.php?rest_route=\/wp\/v2\/media\/9655"}],"wp:attachment":[{"href":"http:\/\/www.klaus-heidegger.at\/index.php?rest_route=%2Fwp%2Fv2%2Fmedia&parent=9654"}],"wp:term":[{"taxonomy":"category","embeddable":true,"href":"http:\/\/www.klaus-heidegger.at\/index.php?rest_route=%2Fwp%2Fv2%2Fcategories&post=9654"},{"taxonomy":"post_tag","embeddable":true,"href":"http:\/\/www.klaus-heidegger.at\/index.php?rest_route=%2Fwp%2Fv2%2Ftags&post=9654"}],"curies":[{"name":"wp","href":"https:\/\/api.w.org\/{rel}","templated":true}]}}