{"id":12530,"date":"2026-04-30T09:33:36","date_gmt":"2026-04-30T09:33:36","guid":{"rendered":"https:\/\/www.klaus-heidegger.at\/?p=12530"},"modified":"2026-04-30T12:59:15","modified_gmt":"2026-04-30T12:59:15","slug":"segensverweigerung-fuer-homosexuelle-paare","status":"publish","type":"post","link":"https:\/\/www.klaus-heidegger.at\/?p=12530","title":{"rendered":"Segensverweigerung f\u00fcr gleichgeschlechtliche Paare?"},"content":{"rendered":"\n<figure class=\"wp-block-image size-full\"><a href=\"http:\/\/www.klaus-heidegger.at\/wp-content\/uploads\/2026\/04\/lg-1.jpg\"><img loading=\"lazy\" width=\"824\" height=\"668\" src=\"http:\/\/www.klaus-heidegger.at\/wp-content\/uploads\/2026\/04\/lg-1.jpg\" alt=\"\" class=\"wp-image-12531\" srcset=\"https:\/\/www.klaus-heidegger.at\/wp-content\/uploads\/2026\/04\/lg-1.jpg 824w, https:\/\/www.klaus-heidegger.at\/wp-content\/uploads\/2026\/04\/lg-1-300x243.jpg 300w, https:\/\/www.klaus-heidegger.at\/wp-content\/uploads\/2026\/04\/lg-1-768x623.jpg 768w\" sizes=\"(max-width: 824px) 100vw, 824px\" \/><\/a><\/figure>\n\n\n\n<p><strong>Ern\u00fcchterung und Entt\u00e4uschung aus dem Vatikan<\/strong><\/p>\n\n\n\n<p>Vor einer Woche noch schrieb ich in meinem Blog voll Hoffnung und Zustimmung, wie sehr sich Papst Leo XIV. mit klaren Worten gegen die aktuellen Kriege in der Welt aussprach, mit einer Klarheit, die den US-amerikanischen Pr\u00e4sidenten, seinen Vize und seinen Kriegsminister zur Gegenrede herausforderten. Die Worte von Leo f\u00fcr den Frieden und die friedensethischen Positionierungen des Vatikans in den vergangenen Jahrzehnten binden mich noch am st\u00e4rksten an die weltweite katholische Kirche. Und dann wieder wird meine Identifikation so abrupt infrage gestellt, wenn es um die Frage der kirchlichen Positionierung zur Homosexualit\u00e4t geht. &nbsp;Dann denke ich mir: Das ist nicht meine Kirche, f\u00fcr die ich ein Leben lang in unterschiedlichsten Funktionen gearbeitet habe.<\/p>\n\n\n\n<p><strong>Zaghafte Schritte gegen die Diskriminierung gleichgeschlechtlicher Beziehungen<\/strong><\/p>\n\n\n\n<p>Zuletzt hatte ich gehofft, dass es der Kirche gelingt, die jahrhundertealte Diskriminierung gleichgeschlechtlich liebender Menschen und die Verurteilung der Homosexualit\u00e4t schrittweise zu \u00fcberwinden. Die Aussagen des Weltkatechismus mit den dumm-dreisten Argumenten gegen Homosexualit\u00e4t, so hoffte ich, sollten auch im Sprechen der Kirchenleitungen keine Rolle mehr spielen. Papst Franziskus hatte es mit seinem Schreiben \u201efiducia supplicans\u201c ein wenig gewagt, die T\u00fcr f\u00fcr eine andere Richtung zu \u00f6ffnen. Auch gleichgeschlechtliche Paare, so schrieb Papst Franziskus, k\u00f6nnten unter bestimmten Voraussetzungen kirchlichen Segen bekommen. Absurd zwar sind diese Bedingungen, denn es m\u00fcsste sichergestellt sein, dass es nicht eine Parallele zu kirchlichen Eheschlie\u00dfungen sein k\u00f6nnte, sie d\u00fcrften also nicht formell sein und keinen liturgischen Charakter haben. \u00a0Warum denn nicht, so muss gefragt werden. In diesen Bedingungen manifestiert sich bereits der Fortbestand der Jahrhunderte alten Diskriminierungen. Doch selbst die \u00c4u\u00dferungen des fr\u00fcheren Papstes waren den erzkonservativen katholischen Kreisen zu weitgehend. Segnung von gleichgeschlechtlichen Paaren w\u00fcrde eine Legitimierung von unz\u00fcchtigen Beziehungen bedeuten, so hie\u00df es aus verklemmt erzkonservativen Kreisen. Zuletzt hatte der M\u00fcnchner Kardinal Reinhard Marx dennoch die Segnungen homosexueller Paare in seiner Di\u00f6zese offiziell erlaubt.<\/p>\n\n\n\n<p><strong>Papst Leo XIV. gegen die Segnung gleichgeschlechtlicher Paare?<\/strong><\/p>\n\n\n\n<p>Der Vatikan sei mit einer weitgehenderen Liberalisierung \u201enicht einverstanden\u201c, meinte der Papst auf seiner R\u00fcckreise aus Afrika. Unpassender h\u00e4tten die Worte von Leo XIV. nicht sein k\u00f6nnen. Er kam gerade aus jenem Kontinent, in dem in einigen L\u00e4ndern Homosexualit\u00e4t weiterhin kriminalisiert wird \u2013 ja selbst bis zu Gef\u00e4ngnisstrafen und Todesstrafe. Der Papst nahm damit jenen Standpunkt der afrikanischen Kirche ein, die jede Anerkennung von gleichgeschlechtlichen Partnerschaften ablehnt. Die Worte seines Vorg\u00e4ngers nannte Leo wenig schmeichelnd als \u201eber\u00fchmt-ber\u00fcchtigt\u201c.<\/p>\n\n\n\n<p><strong>Katholische Kirche in \u00d6sterreich<\/strong><\/p>\n\n\n\n<p>Bischof Hermann von meiner Di\u00f6zese ist aktuell in Rom und traf den Papst. Wird er dort auch gem\u00e4\u00df der synodalen Beschl\u00fcsse seiner Di\u00f6zese als Ortsbischof&nbsp; Worte f\u00fcr eine andere Haltung gegen\u00fcber gleichgeschlechtlichen Paaren finden? Wird er dann vielleicht auch in meiner Di\u00f6zese den vielen gleichgeschlechtlichen Paaren sch\u00fctzend zur Seite stehen und \u2013 \u00e4hnlich wie Kardinal Marx in M\u00fcnchen-Freising \u2013 die Priester seiner Di\u00f6zese ermutigen, Segnungen nicht l\u00e4nger vorzuenthalten? Werden die Kirchenglocken in meinem Land l\u00e4uten f\u00fcr kirchliche Eheschlie\u00dfungen von gleichgeschlechtlichen Paaren? &nbsp;&nbsp;&nbsp;<\/p>\n\n\n\n<p>Noch kann der Direktor der P\u00e4pstlichen Missionswerke \u00d6sterreichs und Professor der Hochschule Heiligkreuz, Pater Karl Wallner, sein auswendig gelerntes Katechismus-Wissen in katholisch-konservativen Medien verbreiten und als Lehrmeinung der katholischen Kirche ausgeben. Demnach sei eben ausgelebte gleichgeschlechtliche Sexualit\u00e4t s\u00fcndhaft und \u201egegen die Natur\u201c. Homosexuellen Menschen r\u00e4t der Pater aus dem Stift Heiligkreuz zur Keuschheit. Noch schweigt der neue Erzbischof von Wien zu solchen herabw\u00fcrdigenden und zutiefst unchristlichen \u00c4u\u00dferungen, die mit dem Anspruch von katholischer Wahrheit ausgegeben werden.<\/p>\n\n\n\n<p>Weil ich wei\u00df, dass auf den theologischen Fakult\u00e4ten l\u00e4ngst eine andere Theologie vermittelt wird, die von einer christlichen Beziehungsethik ausgeht, die sowohl die anthropologischen Grundgegebenheiten ernst nimmt wie auch die bibelwissenschaftlichen Erkenntnisse, beispielsweise von Professor Martin Lintner an der Philosophisch-Theologischen Hochschule in Brixen, weil ich wei\u00df, dass es auch in meiner Di\u00f6zese Priester gibt, die offen sind f\u00fcr gleichgeschlechtliche Segnungen in ihren Gemeinden, will ich die Hoffnung nicht aufgeben, in der r\u00f6misch-katholischen Kirche eine Heimat zu haben.<\/p>\n\n\n\n<p>Klaus Heidegger<\/p>\n","protected":false},"excerpt":{"rendered":"<p><img src='http:\/\/www.klaus-heidegger.at\/wp-content\/uploads\/2026\/04\/lg-1.jpg' class='thumbnail' \/>Ern\u00fcchterung und Entt\u00e4uschung aus dem Vatikan Vor einer Woche noch schrieb ich in meinem Blog voll Hoffnung und Zustimmung, wie sehr sich Papst Leo XIV. mit klaren Worten gegen die aktuellen Kriege in der Welt aussprach, mit einer Klarheit, die den US-amerikanischen Pr\u00e4sidenten, seinen Vize und seinen Kriegsminister zur Gegenrede herausforderten. Die Worte von Leo&#8230;<\/p>\n","protected":false},"author":1,"featured_media":12531,"comment_status":"open","ping_status":"open","sticky":false,"template":"","format":"standard","meta":[],"categories":[180,1800,183],"tags":[2342,2341,2343,482,2340,2339],"_links":{"self":[{"href":"https:\/\/www.klaus-heidegger.at\/index.php?rest_route=\/wp\/v2\/posts\/12530"}],"collection":[{"href":"https:\/\/www.klaus-heidegger.at\/index.php?rest_route=\/wp\/v2\/posts"}],"about":[{"href":"https:\/\/www.klaus-heidegger.at\/index.php?rest_route=\/wp\/v2\/types\/post"}],"author":[{"embeddable":true,"href":"https:\/\/www.klaus-heidegger.at\/index.php?rest_route=\/wp\/v2\/users\/1"}],"replies":[{"embeddable":true,"href":"https:\/\/www.klaus-heidegger.at\/index.php?rest_route=%2Fwp%2Fv2%2Fcomments&post=12530"}],"version-history":[{"count":5,"href":"https:\/\/www.klaus-heidegger.at\/index.php?rest_route=\/wp\/v2\/posts\/12530\/revisions"}],"predecessor-version":[{"id":12537,"href":"https:\/\/www.klaus-heidegger.at\/index.php?rest_route=\/wp\/v2\/posts\/12530\/revisions\/12537"}],"wp:featuredmedia":[{"embeddable":true,"href":"https:\/\/www.klaus-heidegger.at\/index.php?rest_route=\/wp\/v2\/media\/12531"}],"wp:attachment":[{"href":"https:\/\/www.klaus-heidegger.at\/index.php?rest_route=%2Fwp%2Fv2%2Fmedia&parent=12530"}],"wp:term":[{"taxonomy":"category","embeddable":true,"href":"https:\/\/www.klaus-heidegger.at\/index.php?rest_route=%2Fwp%2Fv2%2Fcategories&post=12530"},{"taxonomy":"post_tag","embeddable":true,"href":"https:\/\/www.klaus-heidegger.at\/index.php?rest_route=%2Fwp%2Fv2%2Ftags&post=12530"}],"curies":[{"name":"wp","href":"https:\/\/api.w.org\/{rel}","templated":true}]}}